{"id":1195,"date":"2022-11-20T18:00:00","date_gmt":"2022-11-20T17:00:00","guid":{"rendered":"https:\/\/aiep-transculturel.com\/transculturailes\/?p=1195"},"modified":"2022-11-05T22:20:29","modified_gmt":"2022-11-05T21:20:29","slug":"le-cafe-des-parents","status":"publish","type":"post","link":"https:\/\/aiep-transculturel.com\/transculturailes\/le-cafe-des-parents\/","title":{"rendered":"Le caf\u00e9 des parents"},"content":{"rendered":"\n<style type=\"text\/css\" data-created_by=\"avia_inline_auto\" id=\"style-css-av-av_one_full-d05455c00d5c5455911a7c1b15f0b268\">\n.flex_column.av-av_one_full-d05455c00d5c5455911a7c1b15f0b268{\npadding:30px 30px 30px 30px;\n}\n<\/style>\n<div  class='flex_column av-av_one_full-d05455c00d5c5455911a7c1b15f0b268 av_one_full  avia-builder-el-0  el_before_av_post_metadata  avia-builder-el-first  first flex_column_div  '     ><p>\n<style type=\"text\/css\" data-created_by=\"avia_inline_auto\" id=\"style-css-av-la4fagzz-af2b595a95667fadb6f24205d0fa8f5c\">\n#top .av-special-heading.av-la4fagzz-af2b595a95667fadb6f24205d0fa8f5c{\npadding-bottom:10px;\n}\nbody .av-special-heading.av-la4fagzz-af2b595a95667fadb6f24205d0fa8f5c .av-special-heading-tag .heading-char{\nfont-size:25px;\n}\n.av-special-heading.av-la4fagzz-af2b595a95667fadb6f24205d0fa8f5c .av-subheading{\nfont-size:15px;\n}\n<\/style>\n<div  class='av-special-heading av-la4fagzz-af2b595a95667fadb6f24205d0fa8f5c av-special-heading-h1 blockquote modern-quote modern-centered  avia-builder-el-1  el_before_av_hr  avia-builder-el-first '><h1 class='av-special-heading-tag '  itemprop=\"headline\"  >Le caf\u00e9 des parents<\/h1><div class=\"special-heading-border\"><div class=\"special-heading-inner-border\"><\/div><\/div><\/div><br \/>\n\n<style type=\"text\/css\" data-created_by=\"avia_inline_auto\" id=\"style-css-av-av_hr-af89a52d51412774536fa272e468f7cd\">\n#top .hr.hr-invisible.av-av_hr-af89a52d51412774536fa272e468f7cd{\nheight:30px;\n}\n<\/style>\n<div  class='hr av-av_hr-af89a52d51412774536fa272e468f7cd hr-invisible  avia-builder-el-2  el_after_av_heading  el_before_av_image '><span class='hr-inner '><span class=\"hr-inner-style\"><\/span><\/span><\/div><br \/>\n\n<style type=\"text\/css\" data-created_by=\"avia_inline_auto\" id=\"style-css-av-la4ffd6p-26a4f44b47fc2b998f1aedfb2b6055c1\">\n.avia-image-container.av-la4ffd6p-26a4f44b47fc2b998f1aedfb2b6055c1 img.avia_image{\nbox-shadow:none;\n}\n.avia-image-container.av-la4ffd6p-26a4f44b47fc2b998f1aedfb2b6055c1 .av-image-caption-overlay-center{\ncolor:#ffffff;\n}\n<\/style>\n<div  class='avia-image-container av-la4ffd6p-26a4f44b47fc2b998f1aedfb2b6055c1 av-styling- avia-align-center  avia-builder-el-3  el_after_av_hr  el_before_av_hr '   itemprop=\"image\" itemscope=\"itemscope\" itemtype=\"https:\/\/schema.org\/ImageObject\" ><div class=\"avia-image-container-inner\"><div class=\"avia-image-overlay-wrap\"><img decoding=\"async\" fetchpriority=\"high\" class='wp-image-1167 avia-img-lazy-loading-not-1167 avia_image ' src=\"https:\/\/aiep-transculturel.com\/transculturailes\/wp-content\/uploads\/2022\/10\/Le-cafe-des-parents-Photo-by-Antenna-on-Unsplash-300x200.jpg\" alt='' title='Le caf\u00e9 des parents - Photo by Antenna on Unsplash'  height=\"200\" width=\"300\"  itemprop=\"thumbnailUrl\" srcset=\"https:\/\/aiep-transculturel.com\/transculturailes\/wp-content\/uploads\/2022\/10\/Le-cafe-des-parents-Photo-by-Antenna-on-Unsplash-300x200.jpg 300w, https:\/\/aiep-transculturel.com\/transculturailes\/wp-content\/uploads\/2022\/10\/Le-cafe-des-parents-Photo-by-Antenna-on-Unsplash-1030x687.jpg 1030w, https:\/\/aiep-transculturel.com\/transculturailes\/wp-content\/uploads\/2022\/10\/Le-cafe-des-parents-Photo-by-Antenna-on-Unsplash-768x512.jpg 768w, https:\/\/aiep-transculturel.com\/transculturailes\/wp-content\/uploads\/2022\/10\/Le-cafe-des-parents-Photo-by-Antenna-on-Unsplash-1536x1024.jpg 1536w, https:\/\/aiep-transculturel.com\/transculturailes\/wp-content\/uploads\/2022\/10\/Le-cafe-des-parents-Photo-by-Antenna-on-Unsplash-2048x1365.jpg 2048w, https:\/\/aiep-transculturel.com\/transculturailes\/wp-content\/uploads\/2022\/10\/Le-cafe-des-parents-Photo-by-Antenna-on-Unsplash-1500x1000.jpg 1500w, https:\/\/aiep-transculturel.com\/transculturailes\/wp-content\/uploads\/2022\/10\/Le-cafe-des-parents-Photo-by-Antenna-on-Unsplash-705x470.jpg 705w\" sizes=\"(max-width: 300px) 100vw, 300px\" \/><\/div><\/div><\/div><br \/>\n\n<style type=\"text\/css\" data-created_by=\"avia_inline_auto\" id=\"style-css-av-av_hr-af89a52d51412774536fa272e468f7cd\">\n#top .hr.hr-invisible.av-av_hr-af89a52d51412774536fa272e468f7cd{\nheight:30px;\n}\n<\/style>\n<div  class='hr av-av_hr-af89a52d51412774536fa272e468f7cd hr-invisible  avia-builder-el-4  el_after_av_image  el_before_av_textblock '><span class='hr-inner '><span class=\"hr-inner-style\"><\/span><\/span><\/div><br \/>\n\n<style type=\"text\/css\" data-created_by=\"avia_inline_auto\" id=\"style-css-av-la4fbfdu-416909f69e0bfca335f4f55628de5b7a\">\n#top .av_textblock_section.av-la4fbfdu-416909f69e0bfca335f4f55628de5b7a .avia_textblock{\nfont-size:12px;\ntext-align:justify;\n}\n<\/style>\n<section  class='av_textblock_section av-la4fbfdu-416909f69e0bfca335f4f55628de5b7a '   itemscope=\"itemscope\" itemtype=\"https:\/\/schema.org\/BlogPosting\" itemprop=\"blogPost\" ><div class='avia_textblock'  itemprop=\"text\" ><p>Une r\u00e9union th\u00e9matique s\u2019organise au service. Ni une ni deux, je saute sur l\u2019occasion. Je propose \u00e0 l\u2019\u00e9quipe de travailler sur un <a href=\"https:\/\/revuelautre.com\/articles-originaux\/grandir-en-contexte-de-migration\/\">texte<\/a> extrait de la revue L\u2019autre qui aborde la question du lien d\u2019attachement entre des femmes migrantes et leurs enfants en France. Nos \u00e9changes nous donnent envie d\u2019organiser un caf\u00e9 des parents au sein du service et ce, dans l\u2019id\u00e9e de varier les outils d\u2019accompagnement des familles.<\/p>\n<p>Rapidement, une question se pose pour les professionnels : en tant que service de la protection de l\u2019enfance, n\u2019est-il pas risqu\u00e9 d\u2019organiser un espace de parole avec les parents dans lequel nous pourrions apprendre que les enfants subissent des violences \u00e9ducatives ?<\/p>\n<p>En \u00e9coutant mes coll\u00e8gues, je comprends qu\u2019ils rapprochent cette question aux cultures des familles que nous accompagnons. Plusieurs questions me traversent alors : qu&rsquo;est-ce qui am\u00e8ne les professionnels \u00e0 penser de la sorte ? Par quoi sont-ils travers\u00e9s lorsqu\u2019il s\u2019agit d\u2019\u00e9voquer ces violences ? Les violences \u00e9ducatives seraient-elles plus pr\u00e9sentes au sein des familles migrantes ? Peut-on qualifier une violence de culturelle ?<\/p>\n<p>En effet, je remarque qu\u2019il n\u2019est pas rare d\u2019entendre des professionnels de la protection de l\u2019enfance banaliser des violences faites aux enfants dans les familles d\u2019origine \u00e9trang\u00e8re, sous pr\u00e9texte que ces violences n\u2019en seraient pas. Je m\u2019interroge : pour certains d\u2019entre eux, une \u201cculture\u201d pourrait justifier de la violence physique ou psychologique sur un enfant. Mais qu\u2019en disent les familles concern\u00e9es ? Quelles sont les repr\u00e9sentations collectives et individuelles mises en \u0153uvre lorsque l\u2019on aborde ce sujet avec les professionnels ?<\/p>\n<p>Nos missions pr\u00e9voient d\u2019accompagner des familles dans lesquelles de la <a href=\"https:\/\/revuelautre.com\/articles-originaux\/les-chatiments-corporels-de-lenfant-une-forme-elementaire-de-la-domination-parentale\/\">violence circule<\/a>, quelle qu\u2019elle soit et quel que soit le milieu familial. Prendre en compte la <a href=\"https:\/\/revuelautre.com\/articles-dossier\/etre-mere-ici-et-la-bas-une-parentalite-complexe\/\">sp\u00e9cificit\u00e9 <\/a>des familles venues d\u2019ailleurs, leurs cultures, mais aussi leurs parcours migratoires et les r\u00e9percussions que cela peut avoir sur leurs vies d\u2019aujourd\u2019hui, leurs parentalit\u00e9s, me semble indispensable.<\/p>\n<p>De m\u00eame, il est de notre responsabilit\u00e9 de travailleurs sociaux de penser l\u2019accompagnement de ces familles et de favoriser la r\u00e9flexion autour de ce sujet si \u00e9minemment sensible ; se d\u00e9centrer, d\u00e9passer les diff\u00e9rences culturelles et aller vers un peu plus d\u2019alt\u00e9rit\u00e9. Pourquoi pas autour d\u2019un caf\u00e9 et d\u2019un croissant ou du partage d\u2019une recette de petit d\u00e9jeuner ? Se former \u00e0 la clinique transculturelle offre d&rsquo;innombrables id\u00e9es pour ressentir, penser et dire le monde sous toutes ses formes. Cela permet de mettre en mots des r\u00e9alit\u00e9s sociales et culturelles diverses, des repr\u00e9sentations et des fa\u00e7ons de faire vari\u00e9es, y compris en ce qui concerne l\u2019art d\u2019\u00e9duquer les enfants.<\/p>\n<p>J\u2019aspire v\u00e9ritablement \u00e0 la construction d\u2019une <a href=\"https:\/\/www.yapaka.be\/livre\/livre-la-violence-envers-les-enfants-approche-transculturelle\">protection de l\u2019enfance transculturelle<\/a>. Peut-\u00eatre le caf\u00e9 des parents pourrait-il nous y aider\u00a0?<\/p>\n<p>Anna et Julie<\/p>\n<p>Photo by Antenna sur Unsplash<\/p>\n<\/div><\/section><\/p><\/div><div  class='av-post-metadata-container av-av_post_metadata-629f48e9d8305e39fa8d15ede32a8e33 av-metadata-container-align-center  avia-builder-el-6  el_after_av_one_full  avia-builder-el-last  av-metadata-container-1'><div class='av-post-metadata-container-inner'><span class=\"av-post-metadata-content av-post-metadata-before-meta\">TAGS :<\/span><span class=\"av-post-metadata-content av-post-metadata-meta-content\"><span class=\"av-post-metadata-content av-post-metadata-category\"><span class=\"av-post-metadata-category-link\" ><a href=\"https:\/\/aiep-transculturel.com\/transculturailes\/tag\/migration\/\" >Migration<\/a><\/span>, <span class=\"av-post-metadata-category-link\" ><a href=\"https:\/\/aiep-transculturel.com\/transculturailes\/tag\/culture\/\" >culture<\/a><\/span>, <span class=\"av-post-metadata-category-link\" ><a href=\"https:\/\/aiep-transculturel.com\/transculturailes\/tag\/parentalite\/\" >parentalit\u00e9<\/a><\/span>, <span class=\"av-post-metadata-category-link\" ><a href=\"https:\/\/aiep-transculturel.com\/transculturailes\/tag\/protection-de-lenfance\/\" >protection de l&#039;enfance<\/a><\/span>, <span class=\"av-post-metadata-category-link\" ><a href=\"https:\/\/aiep-transculturel.com\/transculturailes\/tag\/representation\/\" >repr\u00e9sentation<\/a><\/span>, <span class=\"av-post-metadata-category-link\" ><a href=\"https:\/\/aiep-transculturel.com\/transculturailes\/tag\/transculturel\/\" >transculturel<\/a><\/span>, <span class=\"av-post-metadata-category-link\" ><a href=\"https:\/\/aiep-transculturel.com\/transculturailes\/tag\/violence-educative\/\" >violence \u00e9ducative<\/a><\/span>, <span class=\"av-post-metadata-category-link\" ><a href=\"https:\/\/aiep-transculturel.com\/transculturailes\/tag\/education\/\" >\u00e9ducation<\/a><\/span><\/span><\/span><\/div><\/div><\/p>\n","protected":false},"excerpt":{"rendered":"","protected":false},"author":1,"featured_media":1167,"comment_status":"open","ping_status":"open","sticky":false,"template":"","format":"standard","meta":{"footnotes":""},"categories":[10,12],"tags":[87,312,196,218,327,310,277,328],"class_list":["post-1195","post","type-post","status-publish","format-standard","has-post-thumbnail","hentry","category-julie","category-les-mots-des-valeurs-ajoutees","tag-culture","tag-education","tag-migration","tag-parentalite","tag-protection-de-lenfance","tag-representation","tag-transculturel","tag-violence-educative"],"yoast_head":"<!-- This site is optimized with the Yoast SEO plugin v27.1.1 - https:\/\/yoast.com\/product\/yoast-seo-wordpress\/ -->\n<title>Le caf\u00e9 des parents - Transculturailes<\/title>\n<meta name=\"robots\" content=\"index, follow, max-snippet:-1, max-image-preview:large, max-video-preview:-1\" \/>\n<link rel=\"canonical\" href=\"https:\/\/aiep-transculturel.com\/transculturailes\/le-cafe-des-parents\/\" \/>\n<meta property=\"og:locale\" content=\"fr_FR\" \/>\n<meta property=\"og:type\" content=\"article\" \/>\n<meta property=\"og:title\" content=\"Le caf\u00e9 des parents - Transculturailes\" \/>\n<meta property=\"og:url\" content=\"https:\/\/aiep-transculturel.com\/transculturailes\/le-cafe-des-parents\/\" \/>\n<meta property=\"og:site_name\" content=\"Transculturailes\" \/>\n<meta property=\"article:published_time\" content=\"2022-11-20T17:00:00+00:00\" \/>\n<meta property=\"og:image\" content=\"https:\/\/aiep-transculturel.com\/transculturailes\/wp-content\/uploads\/2022\/10\/Le-cafe-des-parents-Photo-by-Antenna-on-Unsplash-1030x687.jpg\" \/>\n\t<meta property=\"og:image:width\" content=\"1030\" \/>\n\t<meta property=\"og:image:height\" content=\"687\" \/>\n\t<meta property=\"og:image:type\" content=\"image\/jpeg\" \/>\n<meta name=\"author\" content=\"Transculturailes\" \/>\n<meta name=\"twitter:card\" content=\"summary_large_image\" \/>\n<meta name=\"twitter:label1\" content=\"\u00c9crit par\" \/>\n\t<meta name=\"twitter:data1\" content=\"Transculturailes\" \/>\n\t<meta name=\"twitter:label2\" content=\"Dur\u00e9e de lecture estim\u00e9e\" \/>\n\t<meta name=\"twitter:data2\" content=\"4 minutes\" \/>\n<script type=\"application\/ld+json\" class=\"yoast-schema-graph\">{\"@context\":\"https:\/\/schema.org\",\"@graph\":[{\"@type\":\"Article\",\"@id\":\"https:\/\/aiep-transculturel.com\/transculturailes\/le-cafe-des-parents\/#article\",\"isPartOf\":{\"@id\":\"https:\/\/aiep-transculturel.com\/transculturailes\/le-cafe-des-parents\/\"},\"author\":{\"name\":\"Transculturailes\",\"@id\":\"https:\/\/aiep-transculturel.com\/transculturailes\/#\/schema\/person\/49295bd2f580ecc75aa16cbf28ccffb7\"},\"headline\":\"Le caf\u00e9 des parents\",\"datePublished\":\"2022-11-20T17:00:00+00:00\",\"mainEntityOfPage\":{\"@id\":\"https:\/\/aiep-transculturel.com\/transculturailes\/le-cafe-des-parents\/\"},\"wordCount\":1185,\"commentCount\":0,\"image\":{\"@id\":\"https:\/\/aiep-transculturel.com\/transculturailes\/le-cafe-des-parents\/#primaryimage\"},\"thumbnailUrl\":\"https:\/\/aiep-transculturel.com\/transculturailes\/wp-content\/uploads\/2022\/10\/Le-cafe-des-parents-Photo-by-Antenna-on-Unsplash-scaled.jpg\",\"keywords\":[\"culture\",\"\u00e9ducation\",\"Migration\",\"parentalit\u00e9\",\"protection de l&#039;enfance\",\"repr\u00e9sentation\",\"transculturel\",\"violence \u00e9ducative\"],\"articleSection\":[\"Julie\",\"Les mots des valeurs ajout\u00e9es\"],\"inLanguage\":\"fr-FR\",\"potentialAction\":[{\"@type\":\"CommentAction\",\"name\":\"Comment\",\"target\":[\"https:\/\/aiep-transculturel.com\/transculturailes\/le-cafe-des-parents\/#respond\"]}]},{\"@type\":\"WebPage\",\"@id\":\"https:\/\/aiep-transculturel.com\/transculturailes\/le-cafe-des-parents\/\",\"url\":\"https:\/\/aiep-transculturel.com\/transculturailes\/le-cafe-des-parents\/\",\"name\":\"Le caf\u00e9 des parents - Transculturailes\",\"isPartOf\":{\"@id\":\"https:\/\/aiep-transculturel.com\/transculturailes\/#website\"},\"primaryImageOfPage\":{\"@id\":\"https:\/\/aiep-transculturel.com\/transculturailes\/le-cafe-des-parents\/#primaryimage\"},\"image\":{\"@id\":\"https:\/\/aiep-transculturel.com\/transculturailes\/le-cafe-des-parents\/#primaryimage\"},\"thumbnailUrl\":\"https:\/\/aiep-transculturel.com\/transculturailes\/wp-content\/uploads\/2022\/10\/Le-cafe-des-parents-Photo-by-Antenna-on-Unsplash-scaled.jpg\",\"datePublished\":\"2022-11-20T17:00:00+00:00\",\"author\":{\"@id\":\"https:\/\/aiep-transculturel.com\/transculturailes\/#\/schema\/person\/49295bd2f580ecc75aa16cbf28ccffb7\"},\"breadcrumb\":{\"@id\":\"https:\/\/aiep-transculturel.com\/transculturailes\/le-cafe-des-parents\/#breadcrumb\"},\"inLanguage\":\"fr-FR\",\"potentialAction\":[{\"@type\":\"ReadAction\",\"target\":[\"https:\/\/aiep-transculturel.com\/transculturailes\/le-cafe-des-parents\/\"]}]},{\"@type\":\"ImageObject\",\"inLanguage\":\"fr-FR\",\"@id\":\"https:\/\/aiep-transculturel.com\/transculturailes\/le-cafe-des-parents\/#primaryimage\",\"url\":\"https:\/\/aiep-transculturel.com\/transculturailes\/wp-content\/uploads\/2022\/10\/Le-cafe-des-parents-Photo-by-Antenna-on-Unsplash-scaled.jpg\",\"contentUrl\":\"https:\/\/aiep-transculturel.com\/transculturailes\/wp-content\/uploads\/2022\/10\/Le-cafe-des-parents-Photo-by-Antenna-on-Unsplash-scaled.jpg\",\"width\":2560,\"height\":1707},{\"@type\":\"BreadcrumbList\",\"@id\":\"https:\/\/aiep-transculturel.com\/transculturailes\/le-cafe-des-parents\/#breadcrumb\",\"itemListElement\":[{\"@type\":\"ListItem\",\"position\":1,\"name\":\"Accueil\",\"item\":\"https:\/\/aiep-transculturel.com\/transculturailes\/\"},{\"@type\":\"ListItem\",\"position\":2,\"name\":\"Le caf\u00e9 des parents\"}]},{\"@type\":\"WebSite\",\"@id\":\"https:\/\/aiep-transculturel.com\/transculturailes\/#website\",\"url\":\"https:\/\/aiep-transculturel.com\/transculturailes\/\",\"name\":\"Transculturailes\",\"description\":\"Le blog de l&#039;AIEP Transculturel\",\"potentialAction\":[{\"@type\":\"SearchAction\",\"target\":{\"@type\":\"EntryPoint\",\"urlTemplate\":\"https:\/\/aiep-transculturel.com\/transculturailes\/?s={search_term_string}\"},\"query-input\":{\"@type\":\"PropertyValueSpecification\",\"valueRequired\":true,\"valueName\":\"search_term_string\"}}],\"inLanguage\":\"fr-FR\"},{\"@type\":\"Person\",\"@id\":\"https:\/\/aiep-transculturel.com\/transculturailes\/#\/schema\/person\/49295bd2f580ecc75aa16cbf28ccffb7\",\"name\":\"Transculturailes\",\"image\":{\"@type\":\"ImageObject\",\"inLanguage\":\"fr-FR\",\"@id\":\"https:\/\/aiep-transculturel.com\/transculturailes\/#\/schema\/person\/image\/\",\"url\":\"https:\/\/secure.gravatar.com\/avatar\/cec9ec21c66c0b5093c22142453f12ae83e8adf75ab4a72109dac23dbbbd56b4?s=96&d=mm&r=g\",\"contentUrl\":\"https:\/\/secure.gravatar.com\/avatar\/cec9ec21c66c0b5093c22142453f12ae83e8adf75ab4a72109dac23dbbbd56b4?s=96&d=mm&r=g\",\"caption\":\"Transculturailes\"},\"sameAs\":[\"http:\/\/aiep-transculturel.com\/transculturailes\"],\"url\":\"https:\/\/aiep-transculturel.com\/transculturailes\/author\/anea_671h\/\"}]}<\/script>\n<!-- \/ Yoast SEO plugin. -->","yoast_head_json":{"title":"Le caf\u00e9 des parents - Transculturailes","robots":{"index":"index","follow":"follow","max-snippet":"max-snippet:-1","max-image-preview":"max-image-preview:large","max-video-preview":"max-video-preview:-1"},"canonical":"https:\/\/aiep-transculturel.com\/transculturailes\/le-cafe-des-parents\/","og_locale":"fr_FR","og_type":"article","og_title":"Le caf\u00e9 des parents - Transculturailes","og_url":"https:\/\/aiep-transculturel.com\/transculturailes\/le-cafe-des-parents\/","og_site_name":"Transculturailes","article_published_time":"2022-11-20T17:00:00+00:00","og_image":[{"width":1030,"height":687,"url":"https:\/\/aiep-transculturel.com\/transculturailes\/wp-content\/uploads\/2022\/10\/Le-cafe-des-parents-Photo-by-Antenna-on-Unsplash-1030x687.jpg","type":"image\/jpeg"}],"author":"Transculturailes","twitter_card":"summary_large_image","twitter_misc":{"\u00c9crit par":"Transculturailes","Dur\u00e9e de lecture estim\u00e9e":"4 minutes"},"schema":{"@context":"https:\/\/schema.org","@graph":[{"@type":"Article","@id":"https:\/\/aiep-transculturel.com\/transculturailes\/le-cafe-des-parents\/#article","isPartOf":{"@id":"https:\/\/aiep-transculturel.com\/transculturailes\/le-cafe-des-parents\/"},"author":{"name":"Transculturailes","@id":"https:\/\/aiep-transculturel.com\/transculturailes\/#\/schema\/person\/49295bd2f580ecc75aa16cbf28ccffb7"},"headline":"Le caf\u00e9 des parents","datePublished":"2022-11-20T17:00:00+00:00","mainEntityOfPage":{"@id":"https:\/\/aiep-transculturel.com\/transculturailes\/le-cafe-des-parents\/"},"wordCount":1185,"commentCount":0,"image":{"@id":"https:\/\/aiep-transculturel.com\/transculturailes\/le-cafe-des-parents\/#primaryimage"},"thumbnailUrl":"https:\/\/aiep-transculturel.com\/transculturailes\/wp-content\/uploads\/2022\/10\/Le-cafe-des-parents-Photo-by-Antenna-on-Unsplash-scaled.jpg","keywords":["culture","\u00e9ducation","Migration","parentalit\u00e9","protection de l&#039;enfance","repr\u00e9sentation","transculturel","violence \u00e9ducative"],"articleSection":["Julie","Les mots des valeurs ajout\u00e9es"],"inLanguage":"fr-FR","potentialAction":[{"@type":"CommentAction","name":"Comment","target":["https:\/\/aiep-transculturel.com\/transculturailes\/le-cafe-des-parents\/#respond"]}]},{"@type":"WebPage","@id":"https:\/\/aiep-transculturel.com\/transculturailes\/le-cafe-des-parents\/","url":"https:\/\/aiep-transculturel.com\/transculturailes\/le-cafe-des-parents\/","name":"Le caf\u00e9 des parents - Transculturailes","isPartOf":{"@id":"https:\/\/aiep-transculturel.com\/transculturailes\/#website"},"primaryImageOfPage":{"@id":"https:\/\/aiep-transculturel.com\/transculturailes\/le-cafe-des-parents\/#primaryimage"},"image":{"@id":"https:\/\/aiep-transculturel.com\/transculturailes\/le-cafe-des-parents\/#primaryimage"},"thumbnailUrl":"https:\/\/aiep-transculturel.com\/transculturailes\/wp-content\/uploads\/2022\/10\/Le-cafe-des-parents-Photo-by-Antenna-on-Unsplash-scaled.jpg","datePublished":"2022-11-20T17:00:00+00:00","author":{"@id":"https:\/\/aiep-transculturel.com\/transculturailes\/#\/schema\/person\/49295bd2f580ecc75aa16cbf28ccffb7"},"breadcrumb":{"@id":"https:\/\/aiep-transculturel.com\/transculturailes\/le-cafe-des-parents\/#breadcrumb"},"inLanguage":"fr-FR","potentialAction":[{"@type":"ReadAction","target":["https:\/\/aiep-transculturel.com\/transculturailes\/le-cafe-des-parents\/"]}]},{"@type":"ImageObject","inLanguage":"fr-FR","@id":"https:\/\/aiep-transculturel.com\/transculturailes\/le-cafe-des-parents\/#primaryimage","url":"https:\/\/aiep-transculturel.com\/transculturailes\/wp-content\/uploads\/2022\/10\/Le-cafe-des-parents-Photo-by-Antenna-on-Unsplash-scaled.jpg","contentUrl":"https:\/\/aiep-transculturel.com\/transculturailes\/wp-content\/uploads\/2022\/10\/Le-cafe-des-parents-Photo-by-Antenna-on-Unsplash-scaled.jpg","width":2560,"height":1707},{"@type":"BreadcrumbList","@id":"https:\/\/aiep-transculturel.com\/transculturailes\/le-cafe-des-parents\/#breadcrumb","itemListElement":[{"@type":"ListItem","position":1,"name":"Accueil","item":"https:\/\/aiep-transculturel.com\/transculturailes\/"},{"@type":"ListItem","position":2,"name":"Le caf\u00e9 des parents"}]},{"@type":"WebSite","@id":"https:\/\/aiep-transculturel.com\/transculturailes\/#website","url":"https:\/\/aiep-transculturel.com\/transculturailes\/","name":"Transculturailes","description":"Le blog de l&#039;AIEP Transculturel","potentialAction":[{"@type":"SearchAction","target":{"@type":"EntryPoint","urlTemplate":"https:\/\/aiep-transculturel.com\/transculturailes\/?s={search_term_string}"},"query-input":{"@type":"PropertyValueSpecification","valueRequired":true,"valueName":"search_term_string"}}],"inLanguage":"fr-FR"},{"@type":"Person","@id":"https:\/\/aiep-transculturel.com\/transculturailes\/#\/schema\/person\/49295bd2f580ecc75aa16cbf28ccffb7","name":"Transculturailes","image":{"@type":"ImageObject","inLanguage":"fr-FR","@id":"https:\/\/aiep-transculturel.com\/transculturailes\/#\/schema\/person\/image\/","url":"https:\/\/secure.gravatar.com\/avatar\/cec9ec21c66c0b5093c22142453f12ae83e8adf75ab4a72109dac23dbbbd56b4?s=96&d=mm&r=g","contentUrl":"https:\/\/secure.gravatar.com\/avatar\/cec9ec21c66c0b5093c22142453f12ae83e8adf75ab4a72109dac23dbbbd56b4?s=96&d=mm&r=g","caption":"Transculturailes"},"sameAs":["http:\/\/aiep-transculturel.com\/transculturailes"],"url":"https:\/\/aiep-transculturel.com\/transculturailes\/author\/anea_671h\/"}]}},"_links":{"self":[{"href":"https:\/\/aiep-transculturel.com\/transculturailes\/wp-json\/wp\/v2\/posts\/1195","targetHints":{"allow":["GET"]}}],"collection":[{"href":"https:\/\/aiep-transculturel.com\/transculturailes\/wp-json\/wp\/v2\/posts"}],"about":[{"href":"https:\/\/aiep-transculturel.com\/transculturailes\/wp-json\/wp\/v2\/types\/post"}],"author":[{"embeddable":true,"href":"https:\/\/aiep-transculturel.com\/transculturailes\/wp-json\/wp\/v2\/users\/1"}],"replies":[{"embeddable":true,"href":"https:\/\/aiep-transculturel.com\/transculturailes\/wp-json\/wp\/v2\/comments?post=1195"}],"version-history":[{"count":1,"href":"https:\/\/aiep-transculturel.com\/transculturailes\/wp-json\/wp\/v2\/posts\/1195\/revisions"}],"predecessor-version":[{"id":1196,"href":"https:\/\/aiep-transculturel.com\/transculturailes\/wp-json\/wp\/v2\/posts\/1195\/revisions\/1196"}],"wp:featuredmedia":[{"embeddable":true,"href":"https:\/\/aiep-transculturel.com\/transculturailes\/wp-json\/wp\/v2\/media\/1167"}],"wp:attachment":[{"href":"https:\/\/aiep-transculturel.com\/transculturailes\/wp-json\/wp\/v2\/media?parent=1195"}],"wp:term":[{"taxonomy":"category","embeddable":true,"href":"https:\/\/aiep-transculturel.com\/transculturailes\/wp-json\/wp\/v2\/categories?post=1195"},{"taxonomy":"post_tag","embeddable":true,"href":"https:\/\/aiep-transculturel.com\/transculturailes\/wp-json\/wp\/v2\/tags?post=1195"}],"curies":[{"name":"wp","href":"https:\/\/api.w.org\/{rel}","templated":true}]}}