{"id":192,"date":"2021-05-13T20:00:00","date_gmt":"2021-05-13T18:00:00","guid":{"rendered":"https:\/\/transculturailes.wordpress.com\/?p=192"},"modified":"2022-07-17T13:47:43","modified_gmt":"2022-07-17T11:47:43","slug":"le-parcours-la-traversee","status":"publish","type":"post","link":"https:\/\/aiep-transculturel.com\/transculturailes\/le-parcours-la-traversee\/","title":{"rendered":"Le parcours, la travers\u00e9e"},"content":{"rendered":"\n<p><\/p>\n\n\n\n<div class=\"wp-block-group is-layout-flow wp-block-group-is-layout-flow\">\n<div class=\"wp-block-group is-layout-flow wp-block-group-is-layout-flow\">\n<p class=\"has-text-align-justify\">Qui dit exil, dit parcours.&nbsp;<\/p>\n\n\n\n<p class=\"has-text-align-justify\">Sur mon itin\u00e9raire professionnel, ils ont \u00e9t\u00e9 nombreux, ces migrants fuyant les pers\u00e9cutions et les guerres. Ne les appelons pas r\u00e9fugi\u00e9s, ils n\u2019en ont pas le statut. Qu\u2019ils soient de passage ou qu\u2019ils aient pos\u00e9 leurs valises, les \u00e9changes sur leur voyage m\u2019ont tr\u00e8s souvent marqu\u00e9e.<\/p>\n\n\n\n<p class=\"has-text-align-justify\">Le premier, l\u2019initiatique, a \u00e9t\u00e9 celui d\u2019un couple de bi\u00e9lorusses. Ils racontaient comment ils avaient parcouru une partie de l\u2019Europe \u00e0 l\u2019arri\u00e8re d\u2019un camion. Leur nouveau-n\u00e9 lui aussi \u00e9tait du voyage, lov\u00e9 dans le ventre de sa m\u00e8re.<\/p>\n\n\n\n<p class=\"has-text-align-justify\">Par la suite, alors que j\u2019allais r\u00e9guli\u00e8rement \u00e0 Calais, j\u2019ai vu ces ombres, silhouettes quasi fantomatiques le long des routes. En m\u2019approchant, j\u2019ai entendu la tristesse, la souffrance, l\u2019\u00e9nergie de vie aussi. Un Soudanais m\u2019a dit, le regard embu\u00e9 de larmes, \u00ab&nbsp;je n\u2019ai pas compris ce qu\u2019il s\u2019est pass\u00e9 dans mon pays&nbsp;\u00bb. Comme si la cons\u00e9quence avait \u00e9t\u00e9 de le jeter sur les routes, en errance.<\/p>\n\n\n\n<p class=\"has-text-align-justify\">T\u00e9moin mutique de ces parcours de vie si particuliers, j\u2019ai \u00e9t\u00e9 rassur\u00e9e de voir Gr\u00e9goire Deniau (reporter de guerre et photographe) partager une partie de ces histoires individuelles dans \u00ab&nbsp;<a href=\"https:\/\/www.migrants-info.eu\/traverse-clandestine\/\">Travers\u00e9es clandestines<\/a>&nbsp;\u00bb. Ce film documentaire met des images sur ces r\u00e9cits gla\u00e7ants, mais bien r\u00e9els. La d\u00e9shumanisation elle aussi est bien r\u00e9elle. Il a d\u00e9cid\u00e9 de montrer, de faire savoir. Il a \u00e9t\u00e9 reconnu pour cela par le prix Albert Londres en 2005.<\/p>\n\n\n\n<p class=\"has-text-align-justify\">Depuis, de nombreux autres, par des films, des livres, des reportages-photos ont illustr\u00e9 ces parcours si particuliers. Certains se veulent intimistes, d\u2019autres sont plus pragmatiques. Ils questionnent les raisons des d\u00e9parts, l\u2019<em>Eldorado<\/em> mais aussi les capacit\u00e9s des \u00eatres humains d\u2019un c\u00f4t\u00e9 \u00e0 accepter et de l\u2019autre \u00e0 utiliser. De chaque c\u00f4t\u00e9, il s\u2019agit d\u2019\u00eatres humains.<\/p>\n\n\n\n<p class=\"has-text-align-justify\">Parmi ces autres productions, j\u2019ai \u00e9t\u00e9 marqu\u00e9e, en 2014, par le documentaire \u00ab&nbsp;<a href=\"http:\/\/www.whoisdayanicristal.com\/\">Who is Dayani Cristal&nbsp;?<\/a>&nbsp;\u00bb. Ga\u00ebl Garcia Bernal, acteur et r\u00e9alisateur, traverse le d\u00e9sert \u00ab&nbsp;\u00e0 l\u2019envers&nbsp;\u00bb. Il remonte la route migratoire avec l\u2019aide de ces chercheurs de corps du d\u00e9sert du sud des \u00c9tats-Unis. Leur r\u00f4le est de faire parvenir les corps et\/ou les effets des d\u00e9funts du d\u00e9sert \u00e0 leurs familles. Les strat\u00e9gies des diff\u00e9rents \u00ab&nbsp;protagonistes&nbsp;\u00bb y sont illustr\u00e9es laissant ce go\u00fbt amer quant aux destins qui se jouent autour d\u2019une fronti\u00e8re.<\/p>\n\n\n\n<p class=\"has-text-align-justify\">J\u2019ai, pour ma part, continu\u00e9 \u00e0 accueillir les r\u00e9cits de ces parcours. Les migrants de passage me semblent de plus en plus jeunes. Ou c\u2019est peut-\u00eatre moi qui est de plus en plus \u00e2g\u00e9e.&nbsp;<\/p>\n\n\n\n<p class=\"has-text-align-justify\">Je continue \u00e0 me demander, r\u00e9cit apr\u00e8s r\u00e9cit, parcours apr\u00e8s parcours..&nbsp;<\/p>\n\n\n\n<p class=\"has-text-align-justify\">Mais qui suis-je pour \u00e9mettre un jugement&nbsp;? Moi qui peux parcourir ces distances sans efforts&nbsp;! Je ne fais que constater l\u2019\u00e9nergie d\u00e9ploy\u00e9e, les angoisses, et les traumatismes qui en d\u00e9coulent.<\/p>\n<\/div>\n<\/div>\n\n\n\n<p class=\"has-text-align-right\"><strong><em>Delphine<\/em><\/strong><\/p>\n","protected":false},"excerpt":{"rendered":"<p>Qui dit exil, dit parcours.&nbsp; Sur mon itin\u00e9raire professionnel, ils ont \u00e9t\u00e9 nombreux, ces migrants fuyant les pers\u00e9cutions et les guerres. Ne les appelons pas r\u00e9fugi\u00e9s, ils n\u2019en ont pas le statut. Qu\u2019ils soient de passage ou qu\u2019ils aient pos\u00e9 leurs valises, les \u00e9changes sur leur voyage m\u2019ont tr\u00e8s souvent marqu\u00e9e. Le premier, l\u2019initiatique, a [&hellip;]<\/p>\n","protected":false},"author":1,"featured_media":347,"comment_status":"open","ping_status":"open","sticky":false,"template":"","format":"standard","meta":{"footnotes":""},"categories":[6,1],"tags":[123,195,216,240,277],"class_list":["post-192","post","type-post","status-publish","format-standard","has-post-thumbnail","hentry","category-delphine","category-non-classe","tag-exil","tag-migrants","tag-parcours-migratoires","tag-refugies","tag-transculturel"],"yoast_head":"<!-- This site is optimized with the Yoast SEO plugin v27.1.1 - https:\/\/yoast.com\/product\/yoast-seo-wordpress\/ -->\n<title>Le parcours, la travers\u00e9e - Transculturailes<\/title>\n<meta name=\"robots\" content=\"index, follow, max-snippet:-1, max-image-preview:large, max-video-preview:-1\" \/>\n<link rel=\"canonical\" href=\"https:\/\/aiep-transculturel.com\/transculturailes\/le-parcours-la-traversee\/\" \/>\n<meta property=\"og:locale\" content=\"fr_FR\" \/>\n<meta property=\"og:type\" content=\"article\" \/>\n<meta property=\"og:title\" content=\"Le parcours, la travers\u00e9e - Transculturailes\" \/>\n<meta property=\"og:description\" content=\"Qui dit exil, dit parcours.&nbsp; Sur mon itin\u00e9raire professionnel, ils ont \u00e9t\u00e9 nombreux, ces migrants fuyant les pers\u00e9cutions et les guerres. Ne les appelons pas r\u00e9fugi\u00e9s, ils n\u2019en ont pas le statut. Qu\u2019ils soient de passage ou qu\u2019ils aient pos\u00e9 leurs valises, les \u00e9changes sur leur voyage m\u2019ont tr\u00e8s souvent marqu\u00e9e. Le premier, l\u2019initiatique, a [&hellip;]\" \/>\n<meta property=\"og:url\" content=\"https:\/\/aiep-transculturel.com\/transculturailes\/le-parcours-la-traversee\/\" \/>\n<meta property=\"og:site_name\" content=\"Transculturailes\" \/>\n<meta property=\"article:published_time\" content=\"2021-05-13T18:00:00+00:00\" \/>\n<meta property=\"article:modified_time\" content=\"2022-07-17T11:47:43+00:00\" \/>\n<meta property=\"og:image\" content=\"https:\/\/aiep-transculturel.com\/transculturailes\/wp-content\/uploads\/2021\/07\/pexels-photo-189349.jpeg\" \/>\n\t<meta property=\"og:image:width\" content=\"1880\" \/>\n\t<meta property=\"og:image:height\" content=\"1253\" \/>\n\t<meta property=\"og:image:type\" content=\"image\/jpeg\" \/>\n<meta name=\"author\" content=\"Transculturailes\" \/>\n<meta name=\"twitter:card\" content=\"summary_large_image\" \/>\n<meta name=\"twitter:label1\" content=\"\u00c9crit par\" \/>\n\t<meta name=\"twitter:data1\" content=\"Transculturailes\" \/>\n\t<meta name=\"twitter:label2\" content=\"Dur\u00e9e de lecture estim\u00e9e\" \/>\n\t<meta name=\"twitter:data2\" content=\"3 minutes\" \/>\n<script type=\"application\/ld+json\" class=\"yoast-schema-graph\">{\"@context\":\"https:\/\/schema.org\",\"@graph\":[{\"@type\":\"Article\",\"@id\":\"https:\/\/aiep-transculturel.com\/transculturailes\/le-parcours-la-traversee\/#article\",\"isPartOf\":{\"@id\":\"https:\/\/aiep-transculturel.com\/transculturailes\/le-parcours-la-traversee\/\"},\"author\":{\"name\":\"Transculturailes\",\"@id\":\"https:\/\/aiep-transculturel.com\/transculturailes\/#\/schema\/person\/49295bd2f580ecc75aa16cbf28ccffb7\"},\"headline\":\"Le parcours, la travers\u00e9e\",\"datePublished\":\"2021-05-13T18:00:00+00:00\",\"dateModified\":\"2022-07-17T11:47:43+00:00\",\"mainEntityOfPage\":{\"@id\":\"https:\/\/aiep-transculturel.com\/transculturailes\/le-parcours-la-traversee\/\"},\"wordCount\":535,\"commentCount\":0,\"image\":{\"@id\":\"https:\/\/aiep-transculturel.com\/transculturailes\/le-parcours-la-traversee\/#primaryimage\"},\"thumbnailUrl\":\"https:\/\/aiep-transculturel.com\/transculturailes\/wp-content\/uploads\/2021\/07\/pexels-photo-189349.jpeg\",\"keywords\":[\"exil\",\"migrants\",\"parcours migratoires\",\"r\u00e9fugi\u00e9s\",\"transculturel\"],\"articleSection\":[\"Delphine\"],\"inLanguage\":\"fr-FR\",\"potentialAction\":[{\"@type\":\"CommentAction\",\"name\":\"Comment\",\"target\":[\"https:\/\/aiep-transculturel.com\/transculturailes\/le-parcours-la-traversee\/#respond\"]}]},{\"@type\":\"WebPage\",\"@id\":\"https:\/\/aiep-transculturel.com\/transculturailes\/le-parcours-la-traversee\/\",\"url\":\"https:\/\/aiep-transculturel.com\/transculturailes\/le-parcours-la-traversee\/\",\"name\":\"Le parcours, la travers\u00e9e - Transculturailes\",\"isPartOf\":{\"@id\":\"https:\/\/aiep-transculturel.com\/transculturailes\/#website\"},\"primaryImageOfPage\":{\"@id\":\"https:\/\/aiep-transculturel.com\/transculturailes\/le-parcours-la-traversee\/#primaryimage\"},\"image\":{\"@id\":\"https:\/\/aiep-transculturel.com\/transculturailes\/le-parcours-la-traversee\/#primaryimage\"},\"thumbnailUrl\":\"https:\/\/aiep-transculturel.com\/transculturailes\/wp-content\/uploads\/2021\/07\/pexels-photo-189349.jpeg\",\"datePublished\":\"2021-05-13T18:00:00+00:00\",\"dateModified\":\"2022-07-17T11:47:43+00:00\",\"author\":{\"@id\":\"https:\/\/aiep-transculturel.com\/transculturailes\/#\/schema\/person\/49295bd2f580ecc75aa16cbf28ccffb7\"},\"breadcrumb\":{\"@id\":\"https:\/\/aiep-transculturel.com\/transculturailes\/le-parcours-la-traversee\/#breadcrumb\"},\"inLanguage\":\"fr-FR\",\"potentialAction\":[{\"@type\":\"ReadAction\",\"target\":[\"https:\/\/aiep-transculturel.com\/transculturailes\/le-parcours-la-traversee\/\"]}]},{\"@type\":\"ImageObject\",\"inLanguage\":\"fr-FR\",\"@id\":\"https:\/\/aiep-transculturel.com\/transculturailes\/le-parcours-la-traversee\/#primaryimage\",\"url\":\"https:\/\/aiep-transculturel.com\/transculturailes\/wp-content\/uploads\/2021\/07\/pexels-photo-189349.jpeg\",\"contentUrl\":\"https:\/\/aiep-transculturel.com\/transculturailes\/wp-content\/uploads\/2021\/07\/pexels-photo-189349.jpeg\",\"width\":1880,\"height\":1253,\"caption\":\"Photo de Sebastian Voortman sur Pexels.com\"},{\"@type\":\"BreadcrumbList\",\"@id\":\"https:\/\/aiep-transculturel.com\/transculturailes\/le-parcours-la-traversee\/#breadcrumb\",\"itemListElement\":[{\"@type\":\"ListItem\",\"position\":1,\"name\":\"Accueil\",\"item\":\"https:\/\/aiep-transculturel.com\/transculturailes\/\"},{\"@type\":\"ListItem\",\"position\":2,\"name\":\"Le parcours, la travers\u00e9e\"}]},{\"@type\":\"WebSite\",\"@id\":\"https:\/\/aiep-transculturel.com\/transculturailes\/#website\",\"url\":\"https:\/\/aiep-transculturel.com\/transculturailes\/\",\"name\":\"Transculturailes\",\"description\":\"Le blog de l&#039;AIEP Transculturel\",\"potentialAction\":[{\"@type\":\"SearchAction\",\"target\":{\"@type\":\"EntryPoint\",\"urlTemplate\":\"https:\/\/aiep-transculturel.com\/transculturailes\/?s={search_term_string}\"},\"query-input\":{\"@type\":\"PropertyValueSpecification\",\"valueRequired\":true,\"valueName\":\"search_term_string\"}}],\"inLanguage\":\"fr-FR\"},{\"@type\":\"Person\",\"@id\":\"https:\/\/aiep-transculturel.com\/transculturailes\/#\/schema\/person\/49295bd2f580ecc75aa16cbf28ccffb7\",\"name\":\"Transculturailes\",\"image\":{\"@type\":\"ImageObject\",\"inLanguage\":\"fr-FR\",\"@id\":\"https:\/\/aiep-transculturel.com\/transculturailes\/#\/schema\/person\/image\/\",\"url\":\"https:\/\/secure.gravatar.com\/avatar\/cec9ec21c66c0b5093c22142453f12ae83e8adf75ab4a72109dac23dbbbd56b4?s=96&d=mm&r=g\",\"contentUrl\":\"https:\/\/secure.gravatar.com\/avatar\/cec9ec21c66c0b5093c22142453f12ae83e8adf75ab4a72109dac23dbbbd56b4?s=96&d=mm&r=g\",\"caption\":\"Transculturailes\"},\"sameAs\":[\"http:\/\/aiep-transculturel.com\/transculturailes\"],\"url\":\"https:\/\/aiep-transculturel.com\/transculturailes\/author\/anea_671h\/\"}]}<\/script>\n<!-- \/ Yoast SEO plugin. -->","yoast_head_json":{"title":"Le parcours, la travers\u00e9e - Transculturailes","robots":{"index":"index","follow":"follow","max-snippet":"max-snippet:-1","max-image-preview":"max-image-preview:large","max-video-preview":"max-video-preview:-1"},"canonical":"https:\/\/aiep-transculturel.com\/transculturailes\/le-parcours-la-traversee\/","og_locale":"fr_FR","og_type":"article","og_title":"Le parcours, la travers\u00e9e - Transculturailes","og_description":"Qui dit exil, dit parcours.&nbsp; Sur mon itin\u00e9raire professionnel, ils ont \u00e9t\u00e9 nombreux, ces migrants fuyant les pers\u00e9cutions et les guerres. Ne les appelons pas r\u00e9fugi\u00e9s, ils n\u2019en ont pas le statut. Qu\u2019ils soient de passage ou qu\u2019ils aient pos\u00e9 leurs valises, les \u00e9changes sur leur voyage m\u2019ont tr\u00e8s souvent marqu\u00e9e. Le premier, l\u2019initiatique, a [&hellip;]","og_url":"https:\/\/aiep-transculturel.com\/transculturailes\/le-parcours-la-traversee\/","og_site_name":"Transculturailes","article_published_time":"2021-05-13T18:00:00+00:00","article_modified_time":"2022-07-17T11:47:43+00:00","og_image":[{"width":1880,"height":1253,"url":"https:\/\/aiep-transculturel.com\/transculturailes\/wp-content\/uploads\/2021\/07\/pexels-photo-189349.jpeg","type":"image\/jpeg"}],"author":"Transculturailes","twitter_card":"summary_large_image","twitter_misc":{"\u00c9crit par":"Transculturailes","Dur\u00e9e de lecture estim\u00e9e":"3 minutes"},"schema":{"@context":"https:\/\/schema.org","@graph":[{"@type":"Article","@id":"https:\/\/aiep-transculturel.com\/transculturailes\/le-parcours-la-traversee\/#article","isPartOf":{"@id":"https:\/\/aiep-transculturel.com\/transculturailes\/le-parcours-la-traversee\/"},"author":{"name":"Transculturailes","@id":"https:\/\/aiep-transculturel.com\/transculturailes\/#\/schema\/person\/49295bd2f580ecc75aa16cbf28ccffb7"},"headline":"Le parcours, la travers\u00e9e","datePublished":"2021-05-13T18:00:00+00:00","dateModified":"2022-07-17T11:47:43+00:00","mainEntityOfPage":{"@id":"https:\/\/aiep-transculturel.com\/transculturailes\/le-parcours-la-traversee\/"},"wordCount":535,"commentCount":0,"image":{"@id":"https:\/\/aiep-transculturel.com\/transculturailes\/le-parcours-la-traversee\/#primaryimage"},"thumbnailUrl":"https:\/\/aiep-transculturel.com\/transculturailes\/wp-content\/uploads\/2021\/07\/pexels-photo-189349.jpeg","keywords":["exil","migrants","parcours migratoires","r\u00e9fugi\u00e9s","transculturel"],"articleSection":["Delphine"],"inLanguage":"fr-FR","potentialAction":[{"@type":"CommentAction","name":"Comment","target":["https:\/\/aiep-transculturel.com\/transculturailes\/le-parcours-la-traversee\/#respond"]}]},{"@type":"WebPage","@id":"https:\/\/aiep-transculturel.com\/transculturailes\/le-parcours-la-traversee\/","url":"https:\/\/aiep-transculturel.com\/transculturailes\/le-parcours-la-traversee\/","name":"Le parcours, la travers\u00e9e - Transculturailes","isPartOf":{"@id":"https:\/\/aiep-transculturel.com\/transculturailes\/#website"},"primaryImageOfPage":{"@id":"https:\/\/aiep-transculturel.com\/transculturailes\/le-parcours-la-traversee\/#primaryimage"},"image":{"@id":"https:\/\/aiep-transculturel.com\/transculturailes\/le-parcours-la-traversee\/#primaryimage"},"thumbnailUrl":"https:\/\/aiep-transculturel.com\/transculturailes\/wp-content\/uploads\/2021\/07\/pexels-photo-189349.jpeg","datePublished":"2021-05-13T18:00:00+00:00","dateModified":"2022-07-17T11:47:43+00:00","author":{"@id":"https:\/\/aiep-transculturel.com\/transculturailes\/#\/schema\/person\/49295bd2f580ecc75aa16cbf28ccffb7"},"breadcrumb":{"@id":"https:\/\/aiep-transculturel.com\/transculturailes\/le-parcours-la-traversee\/#breadcrumb"},"inLanguage":"fr-FR","potentialAction":[{"@type":"ReadAction","target":["https:\/\/aiep-transculturel.com\/transculturailes\/le-parcours-la-traversee\/"]}]},{"@type":"ImageObject","inLanguage":"fr-FR","@id":"https:\/\/aiep-transculturel.com\/transculturailes\/le-parcours-la-traversee\/#primaryimage","url":"https:\/\/aiep-transculturel.com\/transculturailes\/wp-content\/uploads\/2021\/07\/pexels-photo-189349.jpeg","contentUrl":"https:\/\/aiep-transculturel.com\/transculturailes\/wp-content\/uploads\/2021\/07\/pexels-photo-189349.jpeg","width":1880,"height":1253,"caption":"Photo de Sebastian Voortman sur Pexels.com"},{"@type":"BreadcrumbList","@id":"https:\/\/aiep-transculturel.com\/transculturailes\/le-parcours-la-traversee\/#breadcrumb","itemListElement":[{"@type":"ListItem","position":1,"name":"Accueil","item":"https:\/\/aiep-transculturel.com\/transculturailes\/"},{"@type":"ListItem","position":2,"name":"Le parcours, la travers\u00e9e"}]},{"@type":"WebSite","@id":"https:\/\/aiep-transculturel.com\/transculturailes\/#website","url":"https:\/\/aiep-transculturel.com\/transculturailes\/","name":"Transculturailes","description":"Le blog de l&#039;AIEP Transculturel","potentialAction":[{"@type":"SearchAction","target":{"@type":"EntryPoint","urlTemplate":"https:\/\/aiep-transculturel.com\/transculturailes\/?s={search_term_string}"},"query-input":{"@type":"PropertyValueSpecification","valueRequired":true,"valueName":"search_term_string"}}],"inLanguage":"fr-FR"},{"@type":"Person","@id":"https:\/\/aiep-transculturel.com\/transculturailes\/#\/schema\/person\/49295bd2f580ecc75aa16cbf28ccffb7","name":"Transculturailes","image":{"@type":"ImageObject","inLanguage":"fr-FR","@id":"https:\/\/aiep-transculturel.com\/transculturailes\/#\/schema\/person\/image\/","url":"https:\/\/secure.gravatar.com\/avatar\/cec9ec21c66c0b5093c22142453f12ae83e8adf75ab4a72109dac23dbbbd56b4?s=96&d=mm&r=g","contentUrl":"https:\/\/secure.gravatar.com\/avatar\/cec9ec21c66c0b5093c22142453f12ae83e8adf75ab4a72109dac23dbbbd56b4?s=96&d=mm&r=g","caption":"Transculturailes"},"sameAs":["http:\/\/aiep-transculturel.com\/transculturailes"],"url":"https:\/\/aiep-transculturel.com\/transculturailes\/author\/anea_671h\/"}]}},"_links":{"self":[{"href":"https:\/\/aiep-transculturel.com\/transculturailes\/wp-json\/wp\/v2\/posts\/192","targetHints":{"allow":["GET"]}}],"collection":[{"href":"https:\/\/aiep-transculturel.com\/transculturailes\/wp-json\/wp\/v2\/posts"}],"about":[{"href":"https:\/\/aiep-transculturel.com\/transculturailes\/wp-json\/wp\/v2\/types\/post"}],"author":[{"embeddable":true,"href":"https:\/\/aiep-transculturel.com\/transculturailes\/wp-json\/wp\/v2\/users\/1"}],"replies":[{"embeddable":true,"href":"https:\/\/aiep-transculturel.com\/transculturailes\/wp-json\/wp\/v2\/comments?post=192"}],"version-history":[{"count":1,"href":"https:\/\/aiep-transculturel.com\/transculturailes\/wp-json\/wp\/v2\/posts\/192\/revisions"}],"predecessor-version":[{"id":1033,"href":"https:\/\/aiep-transculturel.com\/transculturailes\/wp-json\/wp\/v2\/posts\/192\/revisions\/1033"}],"wp:featuredmedia":[{"embeddable":true,"href":"https:\/\/aiep-transculturel.com\/transculturailes\/wp-json\/wp\/v2\/media\/347"}],"wp:attachment":[{"href":"https:\/\/aiep-transculturel.com\/transculturailes\/wp-json\/wp\/v2\/media?parent=192"}],"wp:term":[{"taxonomy":"category","embeddable":true,"href":"https:\/\/aiep-transculturel.com\/transculturailes\/wp-json\/wp\/v2\/categories?post=192"},{"taxonomy":"post_tag","embeddable":true,"href":"https:\/\/aiep-transculturel.com\/transculturailes\/wp-json\/wp\/v2\/tags?post=192"}],"curies":[{"name":"wp","href":"https:\/\/api.w.org\/{rel}","templated":true}]}}