{"id":749,"date":"2022-03-06T20:30:00","date_gmt":"2022-03-06T19:30:00","guid":{"rendered":"https:\/\/transculturailes.wordpress.com\/?p=749"},"modified":"2024-11-18T19:12:12","modified_gmt":"2024-11-18T18:12:12","slug":"adoptions","status":"publish","type":"post","link":"https:\/\/aiep-transculturel.com\/transculturailes\/adoptions\/","title":{"rendered":"&nbsp;Adoptions"},"content":{"rendered":"\n<p><\/p>\n\n\n\n<p class=\"has-text-align-justify\">Un dimanche apr\u00e8s-midi de septembre, je fais la rencontre de Charlotte \u00e0 la terrasse d\u2019un caf\u00e9 parisien. Au d\u00e9tour de nos \u00e9changes, j\u2019apprends qu\u2019elle est une enfant adopt\u00e9e, avec des origines guadeloup\u00e9ennes. Elle me parle de son parcours adoptif et de sa m\u00e8re biologique, qu\u2019elle a retrouv\u00e9e et rencontr\u00e9e&nbsp;; et aussi de sa diff\u00e9rence de couleur de peau d\u2019avec ses parents adoptifs. Tant de questions qu\u2019elle s\u2019est pos\u00e9e dans ce complexe p\u00e9riple qu\u2019a \u00e9t\u00e9 sa construction identitaire.<\/p>\n\n\n\n<p class=\"has-text-align-justify\">Tr\u00e8s vite nos \u00e9changes me renvoient plusieurs ann\u00e9es en arri\u00e8re, lorsque, \u00e0 l\u2019Aide Sociale \u00e0 l\u2019Enfance, j\u2019effectuais les entretiens des personnes en proc\u00e9dure d\u2019agr\u00e9ment en vue d\u2019adoption. C\u2019\u00e9tait il y a 15 ans, mais je me rappelle que la question de l\u2019adoption internationale \u00e9tait pos\u00e9e d\u2019un point de vue technique mais que l\u2019angle transracial n\u2019\u00e9tait que tr\u00e8s peu abord\u00e9.<\/p>\n\n\n\n<p class=\"has-text-align-justify\">Quelques jours plus tard, Charlotte m\u2019envoie le lien d\u2019une interview d\u2019Amandine Gay, autrice d\u2019\u00ab&nbsp;<a href=\"https:\/\/www.editionsladecouverte.fr\/une_poupee_en_chocolat-9782348055805\">Une poup\u00e9e en chocolat<\/a>&nbsp;\u00bb. Dans ce livre autobiographique, l\u2019autrice invite \u00e0 s\u2019interroger sur l\u2019identit\u00e9, la filiation et la parentalit\u00e9 \u00e0 partir du regard que les personnes adopt\u00e9es et n\u00e9es dans un autre pays que la France, posent sur la famille et la soci\u00e9t\u00e9.&nbsp;<\/p>\n\n\n\n<p class=\"has-text-align-justify\">Pour <a href=\"https:\/\/youtu.be\/RH6qlETV4ms?t=783\">Amandine Gay<\/a>, <em>\u00ab&nbsp;l\u2019adoption <\/em>[internationale]<em> est un ph\u00e9nom\u00e8ne qui est ancr\u00e9 dans des in\u00e9galit\u00e9s&nbsp;\u00bb, <\/em>notamment des in\u00e9galit\u00e9s syst\u00e9miques&nbsp;: ce sont des parents des pays du Nord qui adoptent des enfants des pays du Sud ou de l\u2019Est. L\u2019inverse n\u2019est pas vrai. Elle explique aussi ce que soul\u00e8ve comme questions l\u2019adoption transraciale. <em>\u00ab Parmi les choses qui peuvent rendre difficile un parcours de personne adopt\u00e9e, il n\u2019y a pas juste le trauma de l\u2019abandon ou la question de l\u2019attachement, il y a aussi des enjeux qui sont politiques et sociaux, que ce soit le racisme, l\u2019acculturation etc&nbsp;\u00bb. <\/em>&nbsp;En effet, qu\u2019en est-il de cette rupture brutale avec les \u00e9l\u00e9ments de cette premi\u00e8re vie, ce d\u00e9racinement&nbsp;: la nourriture, la langue, la m\u00e9t\u00e9o, l\u2019environnement culturel, etc. Elle va jusqu\u2019\u00e0 interroger l\u2019obligation l\u00e9gale actuelle, en occident, de rompre les liens avec les parents biologiques dans le cadre d\u2019une adoption&nbsp;; l\u2019enfant devenant ainsi \u00ab&nbsp;la propri\u00e9t\u00e9&nbsp;\u00bb de ses parents.&nbsp;<\/p>\n\n\n\n<p class=\"has-text-align-justify\">Si on part du principe que la famille est une construction sociale, alors c\u2019est quoi \u201cfaire famille\u201d&nbsp;? Comment faire famille en occident et ailleurs&nbsp;? En Polyn\u00e9sie fran\u00e7aise, il existe un droit coutumier, nomm\u00e9 le <em>fa\u2019a\u2019amura\u2019a<\/em>, qui consiste en un don d\u2019enfant \u00e0 un tiers nourricier. Cette forme d\u2019adoption ne signifie pas la rupture du lien avec les parents biologiques, au contraire, le lien est souvent maintenu. De la m\u00eame mani\u00e8re, en Nouvelle Cal\u00e9donie, \u00ab&nbsp;<em>l\u2019adoption coutumi\u00e8re<\/em>&nbsp;\u00bb est une pratique encore largement r\u00e9pandue dans la soci\u00e9t\u00e9 kanake. L\u00e0 encore, le lien entre parents biologiques, enfants et parents adoptifs est maintenu. Et puis il y a la <em>kafala <\/em>au Maghreb, le <em>fosterage <\/em>en Afrique de l\u2019Ouest\u2026 Tant de pratiques de confiage des enfants qui ne remettent traditionnellement pas en cause les liens reconnus avec les g\u00e9niteurs de l&rsquo;enfant.<\/p>\n\n\n\n<p><br><em>\u00ab&nbsp;On ne peut pas r\u00e9duire la question de l\u2019adoption \u00e0 l\u2019amour&nbsp;\u00bb <\/em>nous dit Amandine Gay. Alors, dans notre soci\u00e9t\u00e9 en pleine \u00e9volution, le temps est peut-\u00eatre venu de mettre \u00e0 d\u00e9bat ce sujet si \u00e9minemment sensible. Et pourquoi pas, y apporter un regard transculturel&nbsp;?<\/p>\n\n\n\n<p class=\"has-text-align-right\"><strong><em>Julie<\/em><\/strong><\/p>\n","protected":false},"excerpt":{"rendered":"<p>Un dimanche apr\u00e8s-midi de septembre, je fais la rencontre de Charlotte \u00e0 la terrasse d\u2019un caf\u00e9 parisien. Au d\u00e9tour de nos \u00e9changes, j\u2019apprends qu\u2019elle est une enfant adopt\u00e9e, avec des origines guadeloup\u00e9ennes. Elle me parle de son parcours adoptif et de sa m\u00e8re biologique, qu\u2019elle a retrouv\u00e9e et rencontr\u00e9e&nbsp;; et aussi de sa diff\u00e9rence de [&hellip;]<\/p>\n","protected":false},"author":1,"featured_media":755,"comment_status":"open","ping_status":"open","sticky":false,"template":"","format":"standard","meta":{"footnotes":""},"categories":[10,1],"tags":[26,41,73,156,191,277,289],"class_list":["post-749","post","type-post","status-publish","format-standard","has-post-thumbnail","hentry","category-julie","category-non-classe","tag-adoption-internationale","tag-attachement","tag-confiage","tag-inegalites-systemiques","tag-metissage","tag-transculturel","tag-une-poupee-en-chocolat"],"yoast_head":"<!-- This site is optimized with the Yoast SEO plugin v27.1.1 - https:\/\/yoast.com\/product\/yoast-seo-wordpress\/ -->\n<title>&nbsp;Adoptions - Transculturailes<\/title>\n<meta name=\"robots\" content=\"index, follow, max-snippet:-1, max-image-preview:large, max-video-preview:-1\" \/>\n<link rel=\"canonical\" href=\"https:\/\/aiep-transculturel.com\/transculturailes\/adoptions\/\" \/>\n<meta property=\"og:locale\" content=\"fr_FR\" \/>\n<meta property=\"og:type\" content=\"article\" \/>\n<meta property=\"og:title\" content=\"&nbsp;Adoptions - Transculturailes\" \/>\n<meta property=\"og:description\" content=\"Un dimanche apr\u00e8s-midi de septembre, je fais la rencontre de Charlotte \u00e0 la terrasse d\u2019un caf\u00e9 parisien. Au d\u00e9tour de nos \u00e9changes, j\u2019apprends qu\u2019elle est une enfant adopt\u00e9e, avec des origines guadeloup\u00e9ennes. Elle me parle de son parcours adoptif et de sa m\u00e8re biologique, qu\u2019elle a retrouv\u00e9e et rencontr\u00e9e&nbsp;; et aussi de sa diff\u00e9rence de [&hellip;]\" \/>\n<meta property=\"og:url\" content=\"https:\/\/aiep-transculturel.com\/transculturailes\/adoptions\/\" \/>\n<meta property=\"og:site_name\" content=\"Transculturailes\" \/>\n<meta property=\"article:published_time\" content=\"2022-03-06T19:30:00+00:00\" \/>\n<meta property=\"article:modified_time\" content=\"2024-11-18T18:12:12+00:00\" \/>\n<meta property=\"og:image\" content=\"https:\/\/aiep-transculturel.com\/transculturailes\/wp-content\/uploads\/2022\/03\/julie-adoptions.jpg\" \/>\n\t<meta property=\"og:image:width\" content=\"1060\" \/>\n\t<meta property=\"og:image:height\" content=\"706\" \/>\n\t<meta property=\"og:image:type\" content=\"image\/jpeg\" \/>\n<meta name=\"author\" content=\"Transculturailes\" \/>\n<meta name=\"twitter:card\" content=\"summary_large_image\" \/>\n<meta name=\"twitter:label1\" content=\"\u00c9crit par\" \/>\n\t<meta name=\"twitter:data1\" content=\"Transculturailes\" \/>\n\t<meta name=\"twitter:label2\" content=\"Dur\u00e9e de lecture estim\u00e9e\" \/>\n\t<meta name=\"twitter:data2\" content=\"3 minutes\" \/>\n<script type=\"application\/ld+json\" class=\"yoast-schema-graph\">{\"@context\":\"https:\/\/schema.org\",\"@graph\":[{\"@type\":\"Article\",\"@id\":\"https:\/\/aiep-transculturel.com\/transculturailes\/adoptions\/#article\",\"isPartOf\":{\"@id\":\"https:\/\/aiep-transculturel.com\/transculturailes\/adoptions\/\"},\"author\":{\"name\":\"Transculturailes\",\"@id\":\"https:\/\/aiep-transculturel.com\/transculturailes\/#\/schema\/person\/49295bd2f580ecc75aa16cbf28ccffb7\"},\"headline\":\"&nbsp;Adoptions\",\"datePublished\":\"2022-03-06T19:30:00+00:00\",\"dateModified\":\"2024-11-18T18:12:12+00:00\",\"mainEntityOfPage\":{\"@id\":\"https:\/\/aiep-transculturel.com\/transculturailes\/adoptions\/\"},\"wordCount\":637,\"commentCount\":0,\"image\":{\"@id\":\"https:\/\/aiep-transculturel.com\/transculturailes\/adoptions\/#primaryimage\"},\"thumbnailUrl\":\"https:\/\/aiep-transculturel.com\/transculturailes\/wp-content\/uploads\/2022\/03\/julie-adoptions.jpg\",\"keywords\":[\"adoption internationale\",\"attachement\",\"confiage\",\"in\u00e9galit\u00e9s syst\u00e9miques\",\"M\u00e9tissage\",\"transculturel\",\"une poup\u00e9e en chocolat\"],\"articleSection\":[\"Julie\"],\"inLanguage\":\"fr-FR\",\"potentialAction\":[{\"@type\":\"CommentAction\",\"name\":\"Comment\",\"target\":[\"https:\/\/aiep-transculturel.com\/transculturailes\/adoptions\/#respond\"]}]},{\"@type\":\"WebPage\",\"@id\":\"https:\/\/aiep-transculturel.com\/transculturailes\/adoptions\/\",\"url\":\"https:\/\/aiep-transculturel.com\/transculturailes\/adoptions\/\",\"name\":\"&nbsp;Adoptions - Transculturailes\",\"isPartOf\":{\"@id\":\"https:\/\/aiep-transculturel.com\/transculturailes\/#website\"},\"primaryImageOfPage\":{\"@id\":\"https:\/\/aiep-transculturel.com\/transculturailes\/adoptions\/#primaryimage\"},\"image\":{\"@id\":\"https:\/\/aiep-transculturel.com\/transculturailes\/adoptions\/#primaryimage\"},\"thumbnailUrl\":\"https:\/\/aiep-transculturel.com\/transculturailes\/wp-content\/uploads\/2022\/03\/julie-adoptions.jpg\",\"datePublished\":\"2022-03-06T19:30:00+00:00\",\"dateModified\":\"2024-11-18T18:12:12+00:00\",\"author\":{\"@id\":\"https:\/\/aiep-transculturel.com\/transculturailes\/#\/schema\/person\/49295bd2f580ecc75aa16cbf28ccffb7\"},\"breadcrumb\":{\"@id\":\"https:\/\/aiep-transculturel.com\/transculturailes\/adoptions\/#breadcrumb\"},\"inLanguage\":\"fr-FR\",\"potentialAction\":[{\"@type\":\"ReadAction\",\"target\":[\"https:\/\/aiep-transculturel.com\/transculturailes\/adoptions\/\"]}]},{\"@type\":\"ImageObject\",\"inLanguage\":\"fr-FR\",\"@id\":\"https:\/\/aiep-transculturel.com\/transculturailes\/adoptions\/#primaryimage\",\"url\":\"https:\/\/aiep-transculturel.com\/transculturailes\/wp-content\/uploads\/2022\/03\/julie-adoptions.jpg\",\"contentUrl\":\"https:\/\/aiep-transculturel.com\/transculturailes\/wp-content\/uploads\/2022\/03\/julie-adoptions.jpg\",\"width\":1060,\"height\":706},{\"@type\":\"BreadcrumbList\",\"@id\":\"https:\/\/aiep-transculturel.com\/transculturailes\/adoptions\/#breadcrumb\",\"itemListElement\":[{\"@type\":\"ListItem\",\"position\":1,\"name\":\"Accueil\",\"item\":\"https:\/\/aiep-transculturel.com\/transculturailes\/\"},{\"@type\":\"ListItem\",\"position\":2,\"name\":\"&nbsp;Adoptions\"}]},{\"@type\":\"WebSite\",\"@id\":\"https:\/\/aiep-transculturel.com\/transculturailes\/#website\",\"url\":\"https:\/\/aiep-transculturel.com\/transculturailes\/\",\"name\":\"Transculturailes\",\"description\":\"Le blog de l&#039;AIEP Transculturel\",\"potentialAction\":[{\"@type\":\"SearchAction\",\"target\":{\"@type\":\"EntryPoint\",\"urlTemplate\":\"https:\/\/aiep-transculturel.com\/transculturailes\/?s={search_term_string}\"},\"query-input\":{\"@type\":\"PropertyValueSpecification\",\"valueRequired\":true,\"valueName\":\"search_term_string\"}}],\"inLanguage\":\"fr-FR\"},{\"@type\":\"Person\",\"@id\":\"https:\/\/aiep-transculturel.com\/transculturailes\/#\/schema\/person\/49295bd2f580ecc75aa16cbf28ccffb7\",\"name\":\"Transculturailes\",\"image\":{\"@type\":\"ImageObject\",\"inLanguage\":\"fr-FR\",\"@id\":\"https:\/\/aiep-transculturel.com\/transculturailes\/#\/schema\/person\/image\/\",\"url\":\"https:\/\/secure.gravatar.com\/avatar\/cec9ec21c66c0b5093c22142453f12ae83e8adf75ab4a72109dac23dbbbd56b4?s=96&d=mm&r=g\",\"contentUrl\":\"https:\/\/secure.gravatar.com\/avatar\/cec9ec21c66c0b5093c22142453f12ae83e8adf75ab4a72109dac23dbbbd56b4?s=96&d=mm&r=g\",\"caption\":\"Transculturailes\"},\"sameAs\":[\"http:\/\/aiep-transculturel.com\/transculturailes\"],\"url\":\"https:\/\/aiep-transculturel.com\/transculturailes\/author\/anea_671h\/\"}]}<\/script>\n<!-- \/ Yoast SEO plugin. -->","yoast_head_json":{"title":"&nbsp;Adoptions - Transculturailes","robots":{"index":"index","follow":"follow","max-snippet":"max-snippet:-1","max-image-preview":"max-image-preview:large","max-video-preview":"max-video-preview:-1"},"canonical":"https:\/\/aiep-transculturel.com\/transculturailes\/adoptions\/","og_locale":"fr_FR","og_type":"article","og_title":"&nbsp;Adoptions - Transculturailes","og_description":"Un dimanche apr\u00e8s-midi de septembre, je fais la rencontre de Charlotte \u00e0 la terrasse d\u2019un caf\u00e9 parisien. Au d\u00e9tour de nos \u00e9changes, j\u2019apprends qu\u2019elle est une enfant adopt\u00e9e, avec des origines guadeloup\u00e9ennes. Elle me parle de son parcours adoptif et de sa m\u00e8re biologique, qu\u2019elle a retrouv\u00e9e et rencontr\u00e9e&nbsp;; et aussi de sa diff\u00e9rence de [&hellip;]","og_url":"https:\/\/aiep-transculturel.com\/transculturailes\/adoptions\/","og_site_name":"Transculturailes","article_published_time":"2022-03-06T19:30:00+00:00","article_modified_time":"2024-11-18T18:12:12+00:00","og_image":[{"width":1060,"height":706,"url":"https:\/\/aiep-transculturel.com\/transculturailes\/wp-content\/uploads\/2022\/03\/julie-adoptions.jpg","type":"image\/jpeg"}],"author":"Transculturailes","twitter_card":"summary_large_image","twitter_misc":{"\u00c9crit par":"Transculturailes","Dur\u00e9e de lecture estim\u00e9e":"3 minutes"},"schema":{"@context":"https:\/\/schema.org","@graph":[{"@type":"Article","@id":"https:\/\/aiep-transculturel.com\/transculturailes\/adoptions\/#article","isPartOf":{"@id":"https:\/\/aiep-transculturel.com\/transculturailes\/adoptions\/"},"author":{"name":"Transculturailes","@id":"https:\/\/aiep-transculturel.com\/transculturailes\/#\/schema\/person\/49295bd2f580ecc75aa16cbf28ccffb7"},"headline":"&nbsp;Adoptions","datePublished":"2022-03-06T19:30:00+00:00","dateModified":"2024-11-18T18:12:12+00:00","mainEntityOfPage":{"@id":"https:\/\/aiep-transculturel.com\/transculturailes\/adoptions\/"},"wordCount":637,"commentCount":0,"image":{"@id":"https:\/\/aiep-transculturel.com\/transculturailes\/adoptions\/#primaryimage"},"thumbnailUrl":"https:\/\/aiep-transculturel.com\/transculturailes\/wp-content\/uploads\/2022\/03\/julie-adoptions.jpg","keywords":["adoption internationale","attachement","confiage","in\u00e9galit\u00e9s syst\u00e9miques","M\u00e9tissage","transculturel","une poup\u00e9e en chocolat"],"articleSection":["Julie"],"inLanguage":"fr-FR","potentialAction":[{"@type":"CommentAction","name":"Comment","target":["https:\/\/aiep-transculturel.com\/transculturailes\/adoptions\/#respond"]}]},{"@type":"WebPage","@id":"https:\/\/aiep-transculturel.com\/transculturailes\/adoptions\/","url":"https:\/\/aiep-transculturel.com\/transculturailes\/adoptions\/","name":"&nbsp;Adoptions - Transculturailes","isPartOf":{"@id":"https:\/\/aiep-transculturel.com\/transculturailes\/#website"},"primaryImageOfPage":{"@id":"https:\/\/aiep-transculturel.com\/transculturailes\/adoptions\/#primaryimage"},"image":{"@id":"https:\/\/aiep-transculturel.com\/transculturailes\/adoptions\/#primaryimage"},"thumbnailUrl":"https:\/\/aiep-transculturel.com\/transculturailes\/wp-content\/uploads\/2022\/03\/julie-adoptions.jpg","datePublished":"2022-03-06T19:30:00+00:00","dateModified":"2024-11-18T18:12:12+00:00","author":{"@id":"https:\/\/aiep-transculturel.com\/transculturailes\/#\/schema\/person\/49295bd2f580ecc75aa16cbf28ccffb7"},"breadcrumb":{"@id":"https:\/\/aiep-transculturel.com\/transculturailes\/adoptions\/#breadcrumb"},"inLanguage":"fr-FR","potentialAction":[{"@type":"ReadAction","target":["https:\/\/aiep-transculturel.com\/transculturailes\/adoptions\/"]}]},{"@type":"ImageObject","inLanguage":"fr-FR","@id":"https:\/\/aiep-transculturel.com\/transculturailes\/adoptions\/#primaryimage","url":"https:\/\/aiep-transculturel.com\/transculturailes\/wp-content\/uploads\/2022\/03\/julie-adoptions.jpg","contentUrl":"https:\/\/aiep-transculturel.com\/transculturailes\/wp-content\/uploads\/2022\/03\/julie-adoptions.jpg","width":1060,"height":706},{"@type":"BreadcrumbList","@id":"https:\/\/aiep-transculturel.com\/transculturailes\/adoptions\/#breadcrumb","itemListElement":[{"@type":"ListItem","position":1,"name":"Accueil","item":"https:\/\/aiep-transculturel.com\/transculturailes\/"},{"@type":"ListItem","position":2,"name":"&nbsp;Adoptions"}]},{"@type":"WebSite","@id":"https:\/\/aiep-transculturel.com\/transculturailes\/#website","url":"https:\/\/aiep-transculturel.com\/transculturailes\/","name":"Transculturailes","description":"Le blog de l&#039;AIEP Transculturel","potentialAction":[{"@type":"SearchAction","target":{"@type":"EntryPoint","urlTemplate":"https:\/\/aiep-transculturel.com\/transculturailes\/?s={search_term_string}"},"query-input":{"@type":"PropertyValueSpecification","valueRequired":true,"valueName":"search_term_string"}}],"inLanguage":"fr-FR"},{"@type":"Person","@id":"https:\/\/aiep-transculturel.com\/transculturailes\/#\/schema\/person\/49295bd2f580ecc75aa16cbf28ccffb7","name":"Transculturailes","image":{"@type":"ImageObject","inLanguage":"fr-FR","@id":"https:\/\/aiep-transculturel.com\/transculturailes\/#\/schema\/person\/image\/","url":"https:\/\/secure.gravatar.com\/avatar\/cec9ec21c66c0b5093c22142453f12ae83e8adf75ab4a72109dac23dbbbd56b4?s=96&d=mm&r=g","contentUrl":"https:\/\/secure.gravatar.com\/avatar\/cec9ec21c66c0b5093c22142453f12ae83e8adf75ab4a72109dac23dbbbd56b4?s=96&d=mm&r=g","caption":"Transculturailes"},"sameAs":["http:\/\/aiep-transculturel.com\/transculturailes"],"url":"https:\/\/aiep-transculturel.com\/transculturailes\/author\/anea_671h\/"}]}},"_links":{"self":[{"href":"https:\/\/aiep-transculturel.com\/transculturailes\/wp-json\/wp\/v2\/posts\/749","targetHints":{"allow":["GET"]}}],"collection":[{"href":"https:\/\/aiep-transculturel.com\/transculturailes\/wp-json\/wp\/v2\/posts"}],"about":[{"href":"https:\/\/aiep-transculturel.com\/transculturailes\/wp-json\/wp\/v2\/types\/post"}],"author":[{"embeddable":true,"href":"https:\/\/aiep-transculturel.com\/transculturailes\/wp-json\/wp\/v2\/users\/1"}],"replies":[{"embeddable":true,"href":"https:\/\/aiep-transculturel.com\/transculturailes\/wp-json\/wp\/v2\/comments?post=749"}],"version-history":[{"count":1,"href":"https:\/\/aiep-transculturel.com\/transculturailes\/wp-json\/wp\/v2\/posts\/749\/revisions"}],"predecessor-version":[{"id":980,"href":"https:\/\/aiep-transculturel.com\/transculturailes\/wp-json\/wp\/v2\/posts\/749\/revisions\/980"}],"wp:featuredmedia":[{"embeddable":true,"href":"https:\/\/aiep-transculturel.com\/transculturailes\/wp-json\/wp\/v2\/media\/755"}],"wp:attachment":[{"href":"https:\/\/aiep-transculturel.com\/transculturailes\/wp-json\/wp\/v2\/media?parent=749"}],"wp:term":[{"taxonomy":"category","embeddable":true,"href":"https:\/\/aiep-transculturel.com\/transculturailes\/wp-json\/wp\/v2\/categories?post=749"},{"taxonomy":"post_tag","embeddable":true,"href":"https:\/\/aiep-transculturel.com\/transculturailes\/wp-json\/wp\/v2\/tags?post=749"}],"curies":[{"name":"wp","href":"https:\/\/api.w.org\/{rel}","templated":true}]}}