{"id":842,"date":"2022-05-15T22:00:00","date_gmt":"2022-05-15T20:00:00","guid":{"rendered":"https:\/\/transculturailes.wordpress.com\/?p=842"},"modified":"2024-10-19T18:44:50","modified_gmt":"2024-10-19T16:44:50","slug":"les-mots-dhania","status":"publish","type":"post","link":"https:\/\/aiep-transculturel.com\/transculturailes\/les-mots-dhania\/","title":{"rendered":"Nous et les enfants de FANON. Des destins crois\u00e9s"},"content":{"rendered":"\n<p class=\"has-text-align-center\"><\/p>\n\n\n\n<p class=\"has-text-align-justify\">J\u2019ai d\u00e9couvert pour la premi\u00e8re fois l\u2019existence de <a href=\"https:\/\/memoire-esclavage.org\/biographies\/frantz-fanon-0?msclkid=07a430f6ceb711ec88fa43af7fe20341\">Frantz Fanon<\/a> au cours d\u2019une promenade d\u2019\u00e9t\u00e9 dans les rues d\u2019Alger. J\u2019avais 18 ans. Son nom, inscrit sur des plaques de rues ou de lyc\u00e9es, m\u2019intriguait. Quelle \u00e9tait la place de ce \u00ab&nbsp;<em>gaouri<\/em>&nbsp;\u00bb (\u00ab&nbsp;occidental&nbsp;\u00bb en arabe) accept\u00e9 dans l\u2019agora alg\u00e9rienne, alors que tous les noms fran\u00e7ais avaient \u00e9t\u00e9 syst\u00e9matiquement effac\u00e9s depuis l\u2019ind\u00e9pendance ?<\/p>\n\n\n\n<p class=\"has-text-align-justify\">Lorsque je demande qui \u00e9tait Frantz Fanon \u00e0 Alger, les \u00e9loges ne manquent pas. Mais pourquoi, alors que j\u2019ai grandi au pays des Lumi\u00e8res, aucun de mes manuels scolaires ne le mentionnait nulle part&nbsp;? Comme si son existence \u00e9tait cach\u00e9e, comme s\u2019il \u00e9tait devenu honteux de le faire exister rien que par la pens\u00e9e.&nbsp;<\/p>\n\n\n\n<p class=\"has-text-align-justify\">Dans ma famille Alg\u00e9rie, il est un \u00abmartyr\u00bb, un \u00ab&nbsp;grand homme&nbsp;\u00bb. Dans ma famille France, un secret de famille.<\/p>\n\n\n\n<p class=\"has-text-align-justify\">Mon p\u00e8re m\u2019a un jour appris qu\u2019il connaissait bien le fils de Frantz Fanon, Olivier. Il m\u2019a racont\u00e9 qu\u2019ils avaient tous deux fr\u00e9quent\u00e9 le lyc\u00e9e Amara Rachid de Ben Aknoun, situ\u00e9 sur les hauteurs de la ville. Mais il n\u2019a jamais rencontr\u00e9 le p\u00e8re d\u2019Olivier, parti pour rejoindre la r\u00e9sistance alg\u00e9rienne dans le maquis.<\/p>\n\n\n\n<p class=\"has-text-align-justify\">Mon p\u00e8re aurait-il pu \u00e0 l\u2019\u00e9poque imaginer ce qui allait se passer&nbsp;?<\/p>\n\n\n\n<p class=\"has-text-align-justify\">Voir lui aussi son p\u00e8re rejoindre les rangs de l\u2019Arm\u00e9e de Lib\u00e9ration Nationale dans les montagnes de Kabylie et, comme Olivier, devenir le petit chef de famille, prot\u00e9ger la maman, et avoir un p\u00e8re d\u00e9cor\u00e9 de la m\u00e9daille de \u00ab&nbsp;<em>Moudjahid<\/em>&nbsp;\u00bb (\u00ab&nbsp;combattant&nbsp;\u00bb). Puis un jour devoir partir loin de ses terres, pour devenir un \u00ab&nbsp;immigr\u00e9&nbsp;\u00bb, \u00e9pouser la culture des \u00ab&nbsp;<em>Roumi<\/em>&nbsp;\u00bb (c\u2019est ainsi que mes grands-parents appelaient les colons fran\u00e7ais) et \u00e9lever des enfants qui, presque par hasard, \u00e9tudieront l\u2019<a href=\"https:\/\/www.babelio.com\/livres\/Fanon-Peau-noire-masques-blancs\/26963?msclkid=99f669f9ceb611ecbc37435a2a604c27\">\u0153uvre politique et psychiatrique de Fanon<\/a>.&nbsp;<\/p>\n\n\n\n<p class=\"has-text-align-justify\">La g\u00e9n\u00e9ration de mes grands-parents est celle de Frantz Fanon. L\u2019h\u00e9ritage qu\u2019elle nous laisse \u00e0 nous, enfants et petits-enfants, est commun, traumatique, dense, complexe. Il se m\u00e9lange et s\u2019associe \u00e0 ce qui fait notre identit\u00e9 m\u00e9tiss\u00e9e d\u2019enfants fran\u00e7ais issus de l\u2019immigration post-coloniale.<\/p>\n\n\n\n<p class=\"has-text-align-justify\">Frantz Fanon est un m\u00e9tisse. Comme son fils, comme nous, il a appris une autre langue que la sienne, et il s\u2019est engag\u00e9 corps et \u00e2me en Alg\u00e9rie. Il fait partie des b\u00e2tisseurs de l\u2019Alg\u00e9rie d\u2019aujourd\u2019hui, comme nous faisons partie de ceux de la France de demain.&nbsp;<\/p>\n\n\n\n<p class=\"has-text-align-justify\">Frantz Fanon est pour moi un mod\u00e8le transculturel car il ouvre une voie o\u00f9 l\u2019alt\u00e9rit\u00e9 est reconnue comme telle, s\u2019exprime, s\u2019affranchit.<\/p>\n\n\n\n<p class=\"has-text-align-right\"><strong><em>Hania<\/em><\/strong><\/p>\n","protected":false},"excerpt":{"rendered":"<p>J\u2019ai d\u00e9couvert pour la premi\u00e8re fois l\u2019existence de Frantz Fanon au cours d\u2019une promenade d\u2019\u00e9t\u00e9 dans les rues d\u2019Alger. J\u2019avais 18 ans. Son nom, inscrit sur des plaques de rues ou de lyc\u00e9es, m\u2019intriguait. Quelle \u00e9tait la place de ce \u00ab&nbsp;gaouri&nbsp;\u00bb (\u00ab&nbsp;occidental&nbsp;\u00bb en arabe) accept\u00e9 dans l\u2019agora alg\u00e9rienne, alors que tous les noms fran\u00e7ais avaient [&hellip;]<\/p>\n","protected":false},"author":1,"featured_media":1003,"comment_status":"open","ping_status":"open","sticky":false,"template":"","format":"standard","meta":{"footnotes":""},"categories":[12,1],"tags":[132,191,277,283],"class_list":["post-842","post","type-post","status-publish","format-standard","has-post-thumbnail","hentry","category-les-mots-des-valeurs-ajoutees","category-non-classe","tag-franz-fanon","tag-metissage","tag-transculturel","tag-transmission"],"yoast_head":"<!-- This site is optimized with the Yoast SEO plugin v27.1.1 - https:\/\/yoast.com\/product\/yoast-seo-wordpress\/ -->\n<title>Nous et les enfants de FANON. Des destins crois\u00e9s - Transculturailes<\/title>\n<meta name=\"robots\" content=\"index, follow, max-snippet:-1, max-image-preview:large, max-video-preview:-1\" \/>\n<link rel=\"canonical\" href=\"https:\/\/aiep-transculturel.com\/transculturailes\/les-mots-dhania\/\" \/>\n<meta property=\"og:locale\" content=\"fr_FR\" \/>\n<meta property=\"og:type\" content=\"article\" \/>\n<meta property=\"og:title\" content=\"Nous et les enfants de FANON. Des destins crois\u00e9s - Transculturailes\" \/>\n<meta property=\"og:description\" content=\"J\u2019ai d\u00e9couvert pour la premi\u00e8re fois l\u2019existence de Frantz Fanon au cours d\u2019une promenade d\u2019\u00e9t\u00e9 dans les rues d\u2019Alger. J\u2019avais 18 ans. Son nom, inscrit sur des plaques de rues ou de lyc\u00e9es, m\u2019intriguait. Quelle \u00e9tait la place de ce \u00ab&nbsp;gaouri&nbsp;\u00bb (\u00ab&nbsp;occidental&nbsp;\u00bb en arabe) accept\u00e9 dans l\u2019agora alg\u00e9rienne, alors que tous les noms fran\u00e7ais avaient [&hellip;]\" \/>\n<meta property=\"og:url\" content=\"https:\/\/aiep-transculturel.com\/transculturailes\/les-mots-dhania\/\" \/>\n<meta property=\"og:site_name\" content=\"Transculturailes\" \/>\n<meta property=\"article:published_time\" content=\"2022-05-15T20:00:00+00:00\" \/>\n<meta property=\"article:modified_time\" content=\"2024-10-19T16:44:50+00:00\" \/>\n<meta property=\"og:image\" content=\"https:\/\/aiep-transculturel.com\/transculturailes\/wp-content\/uploads\/2022\/05\/img-20220408-wa0000.webp\" \/>\n\t<meta property=\"og:image:width\" content=\"800\" \/>\n\t<meta property=\"og:image:height\" content=\"600\" \/>\n\t<meta property=\"og:image:type\" content=\"image\/webp\" \/>\n<meta name=\"author\" content=\"Transculturailes\" \/>\n<meta name=\"twitter:card\" content=\"summary_large_image\" \/>\n<meta name=\"twitter:label1\" content=\"\u00c9crit par\" \/>\n\t<meta name=\"twitter:data1\" content=\"Transculturailes\" \/>\n\t<meta name=\"twitter:label2\" content=\"Dur\u00e9e de lecture estim\u00e9e\" \/>\n\t<meta name=\"twitter:data2\" content=\"3 minutes\" \/>\n<script type=\"application\/ld+json\" class=\"yoast-schema-graph\">{\"@context\":\"https:\/\/schema.org\",\"@graph\":[{\"@type\":\"Article\",\"@id\":\"https:\/\/aiep-transculturel.com\/transculturailes\/les-mots-dhania\/#article\",\"isPartOf\":{\"@id\":\"https:\/\/aiep-transculturel.com\/transculturailes\/les-mots-dhania\/\"},\"author\":{\"name\":\"Transculturailes\",\"@id\":\"https:\/\/aiep-transculturel.com\/transculturailes\/#\/schema\/person\/49295bd2f580ecc75aa16cbf28ccffb7\"},\"headline\":\"Nous et les enfants de FANON. Des destins crois\u00e9s\",\"datePublished\":\"2022-05-15T20:00:00+00:00\",\"dateModified\":\"2024-10-19T16:44:50+00:00\",\"mainEntityOfPage\":{\"@id\":\"https:\/\/aiep-transculturel.com\/transculturailes\/les-mots-dhania\/\"},\"wordCount\":490,\"commentCount\":0,\"image\":{\"@id\":\"https:\/\/aiep-transculturel.com\/transculturailes\/les-mots-dhania\/#primaryimage\"},\"thumbnailUrl\":\"https:\/\/aiep-transculturel.com\/transculturailes\/wp-content\/uploads\/2022\/05\/img-20220408-wa0000.webp\",\"keywords\":[\"Franz Fanon\",\"M\u00e9tissage\",\"transculturel\",\"transmission\"],\"articleSection\":[\"Les mots des valeurs ajout\u00e9es\"],\"inLanguage\":\"fr-FR\",\"potentialAction\":[{\"@type\":\"CommentAction\",\"name\":\"Comment\",\"target\":[\"https:\/\/aiep-transculturel.com\/transculturailes\/les-mots-dhania\/#respond\"]}]},{\"@type\":\"WebPage\",\"@id\":\"https:\/\/aiep-transculturel.com\/transculturailes\/les-mots-dhania\/\",\"url\":\"https:\/\/aiep-transculturel.com\/transculturailes\/les-mots-dhania\/\",\"name\":\"Nous et les enfants de FANON. Des destins crois\u00e9s - Transculturailes\",\"isPartOf\":{\"@id\":\"https:\/\/aiep-transculturel.com\/transculturailes\/#website\"},\"primaryImageOfPage\":{\"@id\":\"https:\/\/aiep-transculturel.com\/transculturailes\/les-mots-dhania\/#primaryimage\"},\"image\":{\"@id\":\"https:\/\/aiep-transculturel.com\/transculturailes\/les-mots-dhania\/#primaryimage\"},\"thumbnailUrl\":\"https:\/\/aiep-transculturel.com\/transculturailes\/wp-content\/uploads\/2022\/05\/img-20220408-wa0000.webp\",\"datePublished\":\"2022-05-15T20:00:00+00:00\",\"dateModified\":\"2024-10-19T16:44:50+00:00\",\"author\":{\"@id\":\"https:\/\/aiep-transculturel.com\/transculturailes\/#\/schema\/person\/49295bd2f580ecc75aa16cbf28ccffb7\"},\"breadcrumb\":{\"@id\":\"https:\/\/aiep-transculturel.com\/transculturailes\/les-mots-dhania\/#breadcrumb\"},\"inLanguage\":\"fr-FR\",\"potentialAction\":[{\"@type\":\"ReadAction\",\"target\":[\"https:\/\/aiep-transculturel.com\/transculturailes\/les-mots-dhania\/\"]}]},{\"@type\":\"ImageObject\",\"inLanguage\":\"fr-FR\",\"@id\":\"https:\/\/aiep-transculturel.com\/transculturailes\/les-mots-dhania\/#primaryimage\",\"url\":\"https:\/\/aiep-transculturel.com\/transculturailes\/wp-content\/uploads\/2022\/05\/img-20220408-wa0000.webp\",\"contentUrl\":\"https:\/\/aiep-transculturel.com\/transculturailes\/wp-content\/uploads\/2022\/05\/img-20220408-wa0000.webp\",\"width\":800,\"height\":600},{\"@type\":\"BreadcrumbList\",\"@id\":\"https:\/\/aiep-transculturel.com\/transculturailes\/les-mots-dhania\/#breadcrumb\",\"itemListElement\":[{\"@type\":\"ListItem\",\"position\":1,\"name\":\"Accueil\",\"item\":\"https:\/\/aiep-transculturel.com\/transculturailes\/\"},{\"@type\":\"ListItem\",\"position\":2,\"name\":\"Nous et les enfants de FANON. Des destins crois\u00e9s\"}]},{\"@type\":\"WebSite\",\"@id\":\"https:\/\/aiep-transculturel.com\/transculturailes\/#website\",\"url\":\"https:\/\/aiep-transculturel.com\/transculturailes\/\",\"name\":\"Transculturailes\",\"description\":\"Le blog de l&#039;AIEP Transculturel\",\"potentialAction\":[{\"@type\":\"SearchAction\",\"target\":{\"@type\":\"EntryPoint\",\"urlTemplate\":\"https:\/\/aiep-transculturel.com\/transculturailes\/?s={search_term_string}\"},\"query-input\":{\"@type\":\"PropertyValueSpecification\",\"valueRequired\":true,\"valueName\":\"search_term_string\"}}],\"inLanguage\":\"fr-FR\"},{\"@type\":\"Person\",\"@id\":\"https:\/\/aiep-transculturel.com\/transculturailes\/#\/schema\/person\/49295bd2f580ecc75aa16cbf28ccffb7\",\"name\":\"Transculturailes\",\"image\":{\"@type\":\"ImageObject\",\"inLanguage\":\"fr-FR\",\"@id\":\"https:\/\/aiep-transculturel.com\/transculturailes\/#\/schema\/person\/image\/\",\"url\":\"https:\/\/secure.gravatar.com\/avatar\/cec9ec21c66c0b5093c22142453f12ae83e8adf75ab4a72109dac23dbbbd56b4?s=96&d=mm&r=g\",\"contentUrl\":\"https:\/\/secure.gravatar.com\/avatar\/cec9ec21c66c0b5093c22142453f12ae83e8adf75ab4a72109dac23dbbbd56b4?s=96&d=mm&r=g\",\"caption\":\"Transculturailes\"},\"sameAs\":[\"http:\/\/aiep-transculturel.com\/transculturailes\"],\"url\":\"https:\/\/aiep-transculturel.com\/transculturailes\/author\/anea_671h\/\"}]}<\/script>\n<!-- \/ Yoast SEO plugin. -->","yoast_head_json":{"title":"Nous et les enfants de FANON. Des destins crois\u00e9s - Transculturailes","robots":{"index":"index","follow":"follow","max-snippet":"max-snippet:-1","max-image-preview":"max-image-preview:large","max-video-preview":"max-video-preview:-1"},"canonical":"https:\/\/aiep-transculturel.com\/transculturailes\/les-mots-dhania\/","og_locale":"fr_FR","og_type":"article","og_title":"Nous et les enfants de FANON. Des destins crois\u00e9s - Transculturailes","og_description":"J\u2019ai d\u00e9couvert pour la premi\u00e8re fois l\u2019existence de Frantz Fanon au cours d\u2019une promenade d\u2019\u00e9t\u00e9 dans les rues d\u2019Alger. J\u2019avais 18 ans. Son nom, inscrit sur des plaques de rues ou de lyc\u00e9es, m\u2019intriguait. Quelle \u00e9tait la place de ce \u00ab&nbsp;gaouri&nbsp;\u00bb (\u00ab&nbsp;occidental&nbsp;\u00bb en arabe) accept\u00e9 dans l\u2019agora alg\u00e9rienne, alors que tous les noms fran\u00e7ais avaient [&hellip;]","og_url":"https:\/\/aiep-transculturel.com\/transculturailes\/les-mots-dhania\/","og_site_name":"Transculturailes","article_published_time":"2022-05-15T20:00:00+00:00","article_modified_time":"2024-10-19T16:44:50+00:00","og_image":[{"width":800,"height":600,"url":"https:\/\/aiep-transculturel.com\/transculturailes\/wp-content\/uploads\/2022\/05\/img-20220408-wa0000.webp","type":"image\/webp"}],"author":"Transculturailes","twitter_card":"summary_large_image","twitter_misc":{"\u00c9crit par":"Transculturailes","Dur\u00e9e de lecture estim\u00e9e":"3 minutes"},"schema":{"@context":"https:\/\/schema.org","@graph":[{"@type":"Article","@id":"https:\/\/aiep-transculturel.com\/transculturailes\/les-mots-dhania\/#article","isPartOf":{"@id":"https:\/\/aiep-transculturel.com\/transculturailes\/les-mots-dhania\/"},"author":{"name":"Transculturailes","@id":"https:\/\/aiep-transculturel.com\/transculturailes\/#\/schema\/person\/49295bd2f580ecc75aa16cbf28ccffb7"},"headline":"Nous et les enfants de FANON. Des destins crois\u00e9s","datePublished":"2022-05-15T20:00:00+00:00","dateModified":"2024-10-19T16:44:50+00:00","mainEntityOfPage":{"@id":"https:\/\/aiep-transculturel.com\/transculturailes\/les-mots-dhania\/"},"wordCount":490,"commentCount":0,"image":{"@id":"https:\/\/aiep-transculturel.com\/transculturailes\/les-mots-dhania\/#primaryimage"},"thumbnailUrl":"https:\/\/aiep-transculturel.com\/transculturailes\/wp-content\/uploads\/2022\/05\/img-20220408-wa0000.webp","keywords":["Franz Fanon","M\u00e9tissage","transculturel","transmission"],"articleSection":["Les mots des valeurs ajout\u00e9es"],"inLanguage":"fr-FR","potentialAction":[{"@type":"CommentAction","name":"Comment","target":["https:\/\/aiep-transculturel.com\/transculturailes\/les-mots-dhania\/#respond"]}]},{"@type":"WebPage","@id":"https:\/\/aiep-transculturel.com\/transculturailes\/les-mots-dhania\/","url":"https:\/\/aiep-transculturel.com\/transculturailes\/les-mots-dhania\/","name":"Nous et les enfants de FANON. Des destins crois\u00e9s - Transculturailes","isPartOf":{"@id":"https:\/\/aiep-transculturel.com\/transculturailes\/#website"},"primaryImageOfPage":{"@id":"https:\/\/aiep-transculturel.com\/transculturailes\/les-mots-dhania\/#primaryimage"},"image":{"@id":"https:\/\/aiep-transculturel.com\/transculturailes\/les-mots-dhania\/#primaryimage"},"thumbnailUrl":"https:\/\/aiep-transculturel.com\/transculturailes\/wp-content\/uploads\/2022\/05\/img-20220408-wa0000.webp","datePublished":"2022-05-15T20:00:00+00:00","dateModified":"2024-10-19T16:44:50+00:00","author":{"@id":"https:\/\/aiep-transculturel.com\/transculturailes\/#\/schema\/person\/49295bd2f580ecc75aa16cbf28ccffb7"},"breadcrumb":{"@id":"https:\/\/aiep-transculturel.com\/transculturailes\/les-mots-dhania\/#breadcrumb"},"inLanguage":"fr-FR","potentialAction":[{"@type":"ReadAction","target":["https:\/\/aiep-transculturel.com\/transculturailes\/les-mots-dhania\/"]}]},{"@type":"ImageObject","inLanguage":"fr-FR","@id":"https:\/\/aiep-transculturel.com\/transculturailes\/les-mots-dhania\/#primaryimage","url":"https:\/\/aiep-transculturel.com\/transculturailes\/wp-content\/uploads\/2022\/05\/img-20220408-wa0000.webp","contentUrl":"https:\/\/aiep-transculturel.com\/transculturailes\/wp-content\/uploads\/2022\/05\/img-20220408-wa0000.webp","width":800,"height":600},{"@type":"BreadcrumbList","@id":"https:\/\/aiep-transculturel.com\/transculturailes\/les-mots-dhania\/#breadcrumb","itemListElement":[{"@type":"ListItem","position":1,"name":"Accueil","item":"https:\/\/aiep-transculturel.com\/transculturailes\/"},{"@type":"ListItem","position":2,"name":"Nous et les enfants de FANON. Des destins crois\u00e9s"}]},{"@type":"WebSite","@id":"https:\/\/aiep-transculturel.com\/transculturailes\/#website","url":"https:\/\/aiep-transculturel.com\/transculturailes\/","name":"Transculturailes","description":"Le blog de l&#039;AIEP Transculturel","potentialAction":[{"@type":"SearchAction","target":{"@type":"EntryPoint","urlTemplate":"https:\/\/aiep-transculturel.com\/transculturailes\/?s={search_term_string}"},"query-input":{"@type":"PropertyValueSpecification","valueRequired":true,"valueName":"search_term_string"}}],"inLanguage":"fr-FR"},{"@type":"Person","@id":"https:\/\/aiep-transculturel.com\/transculturailes\/#\/schema\/person\/49295bd2f580ecc75aa16cbf28ccffb7","name":"Transculturailes","image":{"@type":"ImageObject","inLanguage":"fr-FR","@id":"https:\/\/aiep-transculturel.com\/transculturailes\/#\/schema\/person\/image\/","url":"https:\/\/secure.gravatar.com\/avatar\/cec9ec21c66c0b5093c22142453f12ae83e8adf75ab4a72109dac23dbbbd56b4?s=96&d=mm&r=g","contentUrl":"https:\/\/secure.gravatar.com\/avatar\/cec9ec21c66c0b5093c22142453f12ae83e8adf75ab4a72109dac23dbbbd56b4?s=96&d=mm&r=g","caption":"Transculturailes"},"sameAs":["http:\/\/aiep-transculturel.com\/transculturailes"],"url":"https:\/\/aiep-transculturel.com\/transculturailes\/author\/anea_671h\/"}]}},"_links":{"self":[{"href":"https:\/\/aiep-transculturel.com\/transculturailes\/wp-json\/wp\/v2\/posts\/842","targetHints":{"allow":["GET"]}}],"collection":[{"href":"https:\/\/aiep-transculturel.com\/transculturailes\/wp-json\/wp\/v2\/posts"}],"about":[{"href":"https:\/\/aiep-transculturel.com\/transculturailes\/wp-json\/wp\/v2\/types\/post"}],"author":[{"embeddable":true,"href":"https:\/\/aiep-transculturel.com\/transculturailes\/wp-json\/wp\/v2\/users\/1"}],"replies":[{"embeddable":true,"href":"https:\/\/aiep-transculturel.com\/transculturailes\/wp-json\/wp\/v2\/comments?post=842"}],"version-history":[{"count":3,"href":"https:\/\/aiep-transculturel.com\/transculturailes\/wp-json\/wp\/v2\/posts\/842\/revisions"}],"predecessor-version":[{"id":1353,"href":"https:\/\/aiep-transculturel.com\/transculturailes\/wp-json\/wp\/v2\/posts\/842\/revisions\/1353"}],"wp:featuredmedia":[{"embeddable":true,"href":"https:\/\/aiep-transculturel.com\/transculturailes\/wp-json\/wp\/v2\/media\/1003"}],"wp:attachment":[{"href":"https:\/\/aiep-transculturel.com\/transculturailes\/wp-json\/wp\/v2\/media?parent=842"}],"wp:term":[{"taxonomy":"category","embeddable":true,"href":"https:\/\/aiep-transculturel.com\/transculturailes\/wp-json\/wp\/v2\/categories?post=842"},{"taxonomy":"post_tag","embeddable":true,"href":"https:\/\/aiep-transculturel.com\/transculturailes\/wp-json\/wp\/v2\/tags?post=842"}],"curies":[{"name":"wp","href":"https:\/\/api.w.org\/{rel}","templated":true}]}}